{"id":298,"date":"2025-02-19T17:00:46","date_gmt":"2025-02-19T16:00:46","guid":{"rendered":"https:\/\/www.pagesmode.com\/actu\/?p=298"},"modified":"2026-04-24T14:40:00","modified_gmt":"2026-04-24T13:40:00","slug":"micro-pm-n2-kanope","status":"publish","type":"post","link":"https:\/\/www.pagesmode.com\/actu\/micro-pm-n2-kanope\/","title":{"rendered":"Micro PM : Kanop\u00e9"},"content":{"rendered":"\n<p>Pour cette deuxi\u00e8me \u00e9dition de notre <strong>Micro PM<\/strong>, nous avons eu le plaisir de rencontrer C\u00e9line et La\u00ebtitia Allain, les deux s\u0153urs cog\u00e9rantes de la marque <a href=\"https:\/\/www.pagesmode.com\/kanope\" target=\"_blank\" rel=\"noreferrer noopener\"><strong>Kanop\u00e9<\/strong><\/a>. L\u2019interview a \u00e9t\u00e9 r\u00e9alis\u00e9e lors du salon <a href=\"https:\/\/whosnext.com\/events\/whos-next\" target=\"_blank\" rel=\"noreferrer noopener\">Who\u2019s Next<\/a>, en janvier 2025, \u00e0 Paris.<\/p>\n\n\n\n<h2 class=\"wp-block-heading has-large-font-size\"><strong>Pouvez-vous vous pr\u00e9senter et nous parler de l\u2019histoire de Kanop\u00e9 ?<\/strong><\/h2>\n\n\n\n<div class=\"wp-block-media-text is-stacked-on-mobile\"><figure class=\"wp-block-media-text__media\"><img loading=\"lazy\" decoding=\"async\" width=\"813\" height=\"1024\" src=\"https:\/\/www.pagesmode.com\/actu\/wp-content\/uploads\/2025\/02\/kanope-celine-laetitia-allain-813x1024.png\" alt=\"\" class=\"wp-image-299 size-full\" srcset=\"https:\/\/www.pagesmode.com\/actu\/wp-content\/uploads\/2025\/02\/kanope-celine-laetitia-allain-813x1024.png 813w, https:\/\/www.pagesmode.com\/actu\/wp-content\/uploads\/2025\/02\/kanope-celine-laetitia-allain-238x300.png 238w, https:\/\/www.pagesmode.com\/actu\/wp-content\/uploads\/2025\/02\/kanope-celine-laetitia-allain-768x967.png 768w, https:\/\/www.pagesmode.com\/actu\/wp-content\/uploads\/2025\/02\/kanope-celine-laetitia-allain.png 1125w\" sizes=\"auto, (max-width: 813px) 100vw, 813px\" \/><\/figure><div class=\"wp-block-media-text__content\">\n<p><em>Oui, donc moi, je suis C\u00e9line Allain. Je suis cog\u00e9rante de la soci\u00e9t\u00e9 Fun Adventure et de la marque Kanop\u00e9. Voici ma s\u0153ur Laetitia. Nous sommes deux s\u0153urs cog\u00e9rantes de la soci\u00e9t\u00e9 : moi, je m\u2019occupe du commercial et du marketing, et Laetitia s\u2019occupe de la collection, de la cr\u00e9ation et de la production.<\/em><\/p>\n<\/div><\/div>\n\n\n\n<p><em>La marque s\u2019appelle Kanop\u00e9. L\u2019histoire de la marque remonte \u00e0 une petite trentaine d\u2019ann\u00e9es. Ce sont nos deux parents qui ont cr\u00e9\u00e9 la soci\u00e9t\u00e9. \u00c0 la base, nous \u00e9tions des sp\u00e9cialistes du pantalon. Ensuite, nous avons \u00e9volu\u00e9 pour r\u00e9pondre aux besoins des clients. \u00c7a fait maintenant plusieurs ann\u00e9es que nous proposons une collection enti\u00e8re, tout en gardant l\u2019ADN du pantalon, qui est notre savoir-faire.<\/em><\/p>\n\n\n\n<p><em>L\u2019histoire de la marque, c\u2019est aussi des valeurs qui nous sont ch\u00e8res et qui nous ont \u00e9t\u00e9 inculqu\u00e9es par nos parents. Nous sommes une entreprise familiale, comme vous l\u2019avez compris. De ce fait, le proche import est une des valeurs importantes pour la marque Kanop\u00e9. Donc, 95 % de la <a href=\"https:\/\/www.maison-kanope.fr\/boutique\/\" target=\"_blank\" rel=\"noreferrer noopener\">collection<\/a> est fabriqu\u00e9e en Tunisie. Ensuite, nous avons de la maille en Italie et quelques pi\u00e8ces au Portugal.<\/em><\/p>\n\n\n\n<figure class=\"wp-block-image size-large\"><img loading=\"lazy\" decoding=\"async\" width=\"1024\" height=\"614\" src=\"https:\/\/www.pagesmode.com\/actu\/wp-content\/uploads\/2025\/02\/collection-denim-kanope-1024x614.png\" alt=\"Les Denim de la marque Kanop\u00e9\" class=\"wp-image-302\" srcset=\"https:\/\/www.pagesmode.com\/actu\/wp-content\/uploads\/2025\/02\/collection-denim-kanope-1024x614.png 1024w, https:\/\/www.pagesmode.com\/actu\/wp-content\/uploads\/2025\/02\/collection-denim-kanope-300x180.png 300w, https:\/\/www.pagesmode.com\/actu\/wp-content\/uploads\/2025\/02\/collection-denim-kanope-768x461.png 768w, https:\/\/www.pagesmode.com\/actu\/wp-content\/uploads\/2025\/02\/collection-denim-kanope-1536x922.png 1536w, https:\/\/www.pagesmode.com\/actu\/wp-content\/uploads\/2025\/02\/collection-denim-kanope.png 2000w\" sizes=\"auto, (max-width: 1024px) 100vw, 1024px\" \/><\/figure>\n\n\n\n<h2 class=\"wp-block-heading has-large-font-size\"><strong>Quelle est l\u2019inspiration derri\u00e8re votre nouvelle collection ?<\/strong><\/h2>\n\n\n\n<p><em>Pour cette collection, l\u2019inspiration a \u00e9t\u00e9&#8230; Alors, il faut savoir que la nature est souvent une grande source d\u2019inspiration pour Kanop\u00e9, souvent inconsciemment. Mais c\u2019est vrai que les couleurs et les mati\u00e8res naturelles nous sont ch\u00e8res chez Kanop\u00e9.<\/em><\/p>\n\n\n\n<p><em>Cette ann\u00e9e, Laetitia nous a propos\u00e9 une collection en quatre th\u00e8mes distincts, mais en g\u00e9n\u00e9ral, on fait en sorte que toutes nos pi\u00e8ces se mixent entre elles. Donc, on va avoir une inspiration qu\u2019on a appel\u00e9e L\u00e9gende d\u2019automne, dans un colorama \u2013 vous l\u2019aurez compris \u2013 tr\u00e8s automnal, dans les marrons. Bien s\u00fbr, vu que c\u2019est une couleur tr\u00e8s tendance. Dans ce th\u00e8me, on y a apport\u00e9 un imprim\u00e9 tr\u00e8s fort qui est le l\u00e9opard. Le l\u00e9opard est encore tr\u00e8s pr\u00e9sent. Chez Kanop\u00e9, on a voulu jouer un l\u00e9opard plut\u00f4t doux et chic, pas criard, avec de tr\u00e8s beaux velours.<\/em><\/p>\n\n\n\n<p><em>Ensuite, on va avoir une inspiration qu\u2019on a appel\u00e9e Wildside. C\u2019est un petit peu&#8230; on va dire, campagne anglaise, avec un colorama plut\u00f4t dans les verts et les bronzes. On y apporte des mati\u00e8res rassurantes et cocooning pour l\u2019hiver.<\/em><\/p>\n\n\n\n<p><em>Ensuite, on va avoir un th\u00e8me qu\u2019on a appel\u00e9 Passion de N\u00eemes. C\u2019est un th\u00e8me tr\u00e8s fort chez Kanop\u00e9, parce que, comme je vous l\u2019ai dit tout \u00e0 l\u2019heure, on est sp\u00e9cialistes du pantalon, donc du jean \u00e0 la base. Le denim est tr\u00e8s tendance, donc \u00e7a tombe tr\u00e8s bien, c\u2019est notre savoir-faire. On va avoir un th\u00e8me denim, mais aussi avec du lyocell, qu\u2019on adore. Sur l\u2019\u00e9t\u00e9, c\u2019est tr\u00e8s l\u00e9ger, mais on peut aussi l\u2019avoir sur l\u2019hiver, avec des versions un peu plus lourdes.<\/em><\/p>\n\n\n\n<p><em>Enfin, on a un dernier th\u00e8me qu\u2019on a appel\u00e9 Modern Love. C\u2019est un th\u00e8me plus f\u00e9minin, plus city, avec un petit peu de jean aussi, mais agr\u00e9ment\u00e9 de rose et de rouge pour le c\u00f4t\u00e9 plus girly.<\/em><\/p>\n\n\n\n<figure class=\"wp-block-image size-large\"><img loading=\"lazy\" decoding=\"async\" width=\"1024\" height=\"614\" src=\"https:\/\/www.pagesmode.com\/actu\/wp-content\/uploads\/2025\/02\/collection-kanope-1024x614.png\" alt=\"Collection de T-shirts et de Pulls de la marque Kanop\u00e9\" class=\"wp-image-300\" srcset=\"https:\/\/www.pagesmode.com\/actu\/wp-content\/uploads\/2025\/02\/collection-kanope-1024x614.png 1024w, https:\/\/www.pagesmode.com\/actu\/wp-content\/uploads\/2025\/02\/collection-kanope-300x180.png 300w, https:\/\/www.pagesmode.com\/actu\/wp-content\/uploads\/2025\/02\/collection-kanope-768x461.png 768w, https:\/\/www.pagesmode.com\/actu\/wp-content\/uploads\/2025\/02\/collection-kanope-1536x922.png 1536w, https:\/\/www.pagesmode.com\/actu\/wp-content\/uploads\/2025\/02\/collection-kanope.png 2000w\" sizes=\"auto, (max-width: 1024px) 100vw, 1024px\" \/><\/figure>\n\n\n\n<h2 class=\"wp-block-heading has-large-font-size\"><strong>Quels sont vos engagements environnementaux ?<\/strong><\/h2>\n\n\n\n<p><em>Comme C\u00e9line l\u2019expliquait, le fait qu\u2019on fasse le choix de travailler sur du proche import, en Tunisie, au Maghreb, en Italie et au Portugal, c\u2019est d\u00e9j\u00e0 un choix important. Ensuite, on fait tr\u00e8s attention au choix de nos mati\u00e8res premi\u00e8res et des fournisseurs avec qui nous travaillons. On est quand m\u00eame sur un sourcing tr\u00e8s europ\u00e9en. On va travailler au maximum avec des cotons issus de l\u2019agriculture biologique. On utilise tr\u00e8s rarement du polyester, et quand on en travaille, il est recycl\u00e9.<\/em><\/p>\n\n\n\n<p><em>On \u00e9vite au maximum d\u2019ajouter des supports papier ou carton inutiles sur nos produits. Nos \u00e9tiquettes, par exemple, sont fabriqu\u00e9es avec des mati\u00e8res recycl\u00e9es ou recyclables. Enfin, depuis quelques saisons, sur un maximum de produits, on a d\u00e9cid\u00e9 de ne plus les emballer dans des sacs plastiques, pour \u00e9viter les d\u00e9chets inutiles.<\/em><\/p>\n\n\n\n<figure class=\"wp-block-image size-large\"><img loading=\"lazy\" decoding=\"async\" width=\"1024\" height=\"614\" src=\"https:\/\/www.pagesmode.com\/actu\/wp-content\/uploads\/2025\/02\/sourcing-confection-kanope-1024x614.png\" alt=\"Photo de l'usine en Tunisie de la marque Kanop\u00e9\" class=\"wp-image-301\" srcset=\"https:\/\/www.pagesmode.com\/actu\/wp-content\/uploads\/2025\/02\/sourcing-confection-kanope-1024x614.png 1024w, https:\/\/www.pagesmode.com\/actu\/wp-content\/uploads\/2025\/02\/sourcing-confection-kanope-300x180.png 300w, https:\/\/www.pagesmode.com\/actu\/wp-content\/uploads\/2025\/02\/sourcing-confection-kanope-768x461.png 768w, https:\/\/www.pagesmode.com\/actu\/wp-content\/uploads\/2025\/02\/sourcing-confection-kanope-1536x922.png 1536w, https:\/\/www.pagesmode.com\/actu\/wp-content\/uploads\/2025\/02\/sourcing-confection-kanope.png 2000w\" sizes=\"auto, (max-width: 1024px) 100vw, 1024px\" \/><\/figure>\n\n\n\n<h2 class=\"wp-block-heading has-large-font-size\"><strong>Comment voyez-vous la marque Kanop\u00e9 dans 5 ans ?<\/strong><\/h2>\n\n\n\n<p><em>Alors\u2026 c\u2019est vrai qu\u2019on est dans un march\u00e9 tr\u00e8s compliqu\u00e9, donc voir \u00e0 5 ans aujourd\u2019hui, c\u2019est pas facile. On n\u2019a pas vraiment de visibilit\u00e9. Ce qu\u2019on peut esp\u00e9rer pour Kanop\u00e9 dans 5 ans, c\u2019est s\u2019ouvrir peut-\u00eatre un petit peu \u00e0 l\u2019international. L\u00e0, on a eu la chance de rencontrer quelqu\u2019un pour la Belgique, donc c\u2019est un d\u00e9but prometteur. On a d\u00e9j\u00e0 eu des clients belges sur le salon, et la collection leur pla\u00eet. Donc, ce qu\u2019on peut esp\u00e9rer, c\u2019est \u00e7a : s\u2019ouvrir un peu \u00e0 l\u2019Europe.<\/em><\/p>\n\n\n\n<h2 class=\"wp-block-heading has-large-font-size\"><strong>Quels conseils donneriez-vous \u00e0 de jeunes cr\u00e9ateurs ?<\/strong><\/h2>\n\n\n\n<p><em>Moi, je dirais qu\u2019il faut s\u2019entourer de bonnes personnes. Un jeune cr\u00e9ateur peut avoir le sens de la cr\u00e9ation, mais vendre ses produits, c\u2019est encore autre chose. Il faut conna\u00eetre le march\u00e9, s\u2019entourer de personnes professionnelles et d\u00e9j\u00e0 pr\u00e9sentes sur le march\u00e9. Gardez la passion et ne vous d\u00e9motivez pas dans les p\u00e9riodes compliqu\u00e9es, parce que tout le monde en rencontre.<\/em><\/p>\n\n\n\n<p><em>Il est important que les cr\u00e9ateurs soient en phase avec eux-m\u00eames et leur fa\u00e7on de penser. Il faut aussi travailler autour des mati\u00e8res qu\u2019ils utilisent. On a besoin d\u2019un monde r\u00e9fl\u00e9chi par rapport \u00e0 la consommation. Ne partez pas dans tous les sens : travaillez sur des mati\u00e8res recycl\u00e9es et r\u00e9fl\u00e9chissez \u00e0 la mutualisation des mati\u00e8res premi\u00e8res.<\/em><\/p>\n\n\n\n<h2 class=\"wp-block-heading has-large-font-size\"><strong>Un dernier mot pour les boutiques ?<\/strong><\/h2>\n\n\n\n<p><em>Venez d\u00e9couvrir Kanop\u00e9 ! C\u2019est une marque qui a pour but d\u2019habiller toutes les femmes : les femmes actives, modernes, qui aiment leur confort et les looks d\u2019aujourd\u2019hui.<\/em><\/p>\n\n\n\n<figure class=\"wp-block-image size-large\"><img loading=\"lazy\" decoding=\"async\" width=\"1024\" height=\"614\" src=\"https:\/\/www.pagesmode.com\/actu\/wp-content\/uploads\/2025\/02\/kanope-celine-laetitia-1024x614.png\" alt=\"C\u00e9line et Laetitia Allain, les deux soeurs co-g\u00e9rante de la marque Kanop\u00e9\" class=\"wp-image-304\" srcset=\"https:\/\/www.pagesmode.com\/actu\/wp-content\/uploads\/2025\/02\/kanope-celine-laetitia-1024x614.png 1024w, https:\/\/www.pagesmode.com\/actu\/wp-content\/uploads\/2025\/02\/kanope-celine-laetitia-300x180.png 300w, https:\/\/www.pagesmode.com\/actu\/wp-content\/uploads\/2025\/02\/kanope-celine-laetitia-768x461.png 768w, https:\/\/www.pagesmode.com\/actu\/wp-content\/uploads\/2025\/02\/kanope-celine-laetitia-1536x922.png 1536w, https:\/\/www.pagesmode.com\/actu\/wp-content\/uploads\/2025\/02\/kanope-celine-laetitia.png 2000w\" sizes=\"auto, (max-width: 1024px) 100vw, 1024px\" \/><\/figure>\n\n\n\n<p><\/p>\n","protected":false},"excerpt":{"rendered":"<p>Pour cette deuxi\u00e8me \u00e9dition de notre Micro PM, nous avons eu le plaisir de rencontrer C\u00e9line et La\u00ebtitia Allain, les deux s\u0153urs cog\u00e9rantes de la marque Kanop\u00e9. L\u2019interview a \u00e9t\u00e9 r\u00e9alis\u00e9e lors du salon Who\u2019s Next, en janvier 2025, \u00e0 Paris. Pouvez-vous vous pr\u00e9senter et nous parler de l\u2019histoire de Kanop\u00e9 ? Oui, donc moi, [&hellip;]<\/p>\n","protected":false},"author":2,"featured_media":306,"comment_status":"open","ping_status":"open","sticky":false,"template":"","format":"standard","meta":{"_jetpack_memberships_contains_paid_content":false,"footnotes":""},"categories":[10],"tags":[],"class_list":["post-298","post","type-post","status-publish","format-standard","has-post-thumbnail","hentry","category-micro-pm"],"yoast_head":"<!-- This site is optimized with the Yoast SEO plugin v24.0 - https:\/\/yoast.com\/wordpress\/plugins\/seo\/ -->\n<title>Micro PM : Kanop\u00e9 - Blog PagesMode<\/title>\n<meta name=\"description\" content=\"D\u00e9couvrez l&#039;interview exclusive de C\u00e9line et La\u00ebtitia Allain, cog\u00e9rantes de Kanop\u00e9, r\u00e9alis\u00e9e au salon Who\u2019s Next 2025. Entre h\u00e9ritage...\" \/>\n<meta name=\"robots\" content=\"index, follow, max-snippet:-1, max-image-preview:large, max-video-preview:-1\" \/>\n<link rel=\"canonical\" href=\"https:\/\/www.pagesmode.com\/actu\/micro-pm-n2-kanope\/\" \/>\n<meta property=\"og:locale\" content=\"fr_FR\" \/>\n<meta property=\"og:type\" content=\"article\" \/>\n<meta property=\"og:title\" content=\"Micro PM : Kanop\u00e9 - Blog PagesMode\" \/>\n<meta property=\"og:description\" content=\"D\u00e9couvrez l&#039;interview exclusive de C\u00e9line et La\u00ebtitia Allain, cog\u00e9rantes de Kanop\u00e9, r\u00e9alis\u00e9e au salon Who\u2019s Next 2025. Entre h\u00e9ritage...\" \/>\n<meta property=\"og:url\" content=\"https:\/\/www.pagesmode.com\/actu\/micro-pm-n2-kanope\/\" \/>\n<meta property=\"og:site_name\" content=\"Blog PagesMode\" \/>\n<meta property=\"article:published_time\" content=\"2025-02-19T16:00:46+00:00\" \/>\n<meta property=\"article:modified_time\" content=\"2026-04-24T13:40:00+00:00\" \/>\n<meta property=\"og:image\" content=\"https:\/\/www.pagesmode.com\/actu\/wp-content\/uploads\/2025\/02\/kanope-celine-laetitia-1.png\" \/>\n\t<meta property=\"og:image:width\" content=\"2000\" \/>\n\t<meta property=\"og:image:height\" content=\"1200\" \/>\n\t<meta property=\"og:image:type\" content=\"image\/png\" \/>\n<meta name=\"author\" content=\"Th\u00e9r\u00e8se\" \/>\n<meta name=\"twitter:card\" content=\"summary_large_image\" \/>\n<meta name=\"twitter:label1\" content=\"\u00c9crit par\" \/>\n\t<meta name=\"twitter:data1\" content=\"Th\u00e9r\u00e8se\" \/>\n\t<meta name=\"twitter:label2\" content=\"Dur\u00e9e de lecture estim\u00e9e\" \/>\n\t<meta name=\"twitter:data2\" content=\"6 minutes\" \/>\n<script type=\"application\/ld+json\" class=\"yoast-schema-graph\">{\"@context\":\"https:\/\/schema.org\",\"@graph\":[{\"@type\":\"Article\",\"@id\":\"https:\/\/www.pagesmode.com\/actu\/micro-pm-n2-kanope\/#article\",\"isPartOf\":{\"@id\":\"https:\/\/www.pagesmode.com\/actu\/micro-pm-n2-kanope\/\"},\"author\":{\"name\":\"Th\u00e9r\u00e8se\",\"@id\":\"https:\/\/www.pagesmode.com\/actu\/#\/schema\/person\/cc650be0c19b7f8f5c667d0020f00eb0\"},\"headline\":\"Micro PM : Kanop\u00e9\",\"datePublished\":\"2025-02-19T16:00:46+00:00\",\"dateModified\":\"2026-04-24T13:40:00+00:00\",\"mainEntityOfPage\":{\"@id\":\"https:\/\/www.pagesmode.com\/actu\/micro-pm-n2-kanope\/\"},\"wordCount\":1089,\"commentCount\":0,\"publisher\":{\"@id\":\"https:\/\/www.pagesmode.com\/actu\/#organization\"},\"image\":{\"@id\":\"https:\/\/www.pagesmode.com\/actu\/micro-pm-n2-kanope\/#primaryimage\"},\"thumbnailUrl\":\"https:\/\/www.pagesmode.com\/actu\/wp-content\/uploads\/2025\/02\/kanope-celine-laetitia-1.png\",\"articleSection\":[\"Micro PM\"],\"inLanguage\":\"fr-FR\",\"potentialAction\":[{\"@type\":\"CommentAction\",\"name\":\"Comment\",\"target\":[\"https:\/\/www.pagesmode.com\/actu\/micro-pm-n2-kanope\/#respond\"]}]},{\"@type\":\"WebPage\",\"@id\":\"https:\/\/www.pagesmode.com\/actu\/micro-pm-n2-kanope\/\",\"url\":\"https:\/\/www.pagesmode.com\/actu\/micro-pm-n2-kanope\/\",\"name\":\"Micro PM : Kanop\u00e9 - Blog PagesMode\",\"isPartOf\":{\"@id\":\"https:\/\/www.pagesmode.com\/actu\/#website\"},\"primaryImageOfPage\":{\"@id\":\"https:\/\/www.pagesmode.com\/actu\/micro-pm-n2-kanope\/#primaryimage\"},\"image\":{\"@id\":\"https:\/\/www.pagesmode.com\/actu\/micro-pm-n2-kanope\/#primaryimage\"},\"thumbnailUrl\":\"https:\/\/www.pagesmode.com\/actu\/wp-content\/uploads\/2025\/02\/kanope-celine-laetitia-1.png\",\"datePublished\":\"2025-02-19T16:00:46+00:00\",\"dateModified\":\"2026-04-24T13:40:00+00:00\",\"description\":\"D\u00e9couvrez l'interview exclusive de C\u00e9line et La\u00ebtitia Allain, cog\u00e9rantes de Kanop\u00e9, r\u00e9alis\u00e9e au salon Who\u2019s Next 2025. Entre h\u00e9ritage...\",\"breadcrumb\":{\"@id\":\"https:\/\/www.pagesmode.com\/actu\/micro-pm-n2-kanope\/#breadcrumb\"},\"inLanguage\":\"fr-FR\",\"potentialAction\":[{\"@type\":\"ReadAction\",\"target\":[\"https:\/\/www.pagesmode.com\/actu\/micro-pm-n2-kanope\/\"]}]},{\"@type\":\"ImageObject\",\"inLanguage\":\"fr-FR\",\"@id\":\"https:\/\/www.pagesmode.com\/actu\/micro-pm-n2-kanope\/#primaryimage\",\"url\":\"https:\/\/www.pagesmode.com\/actu\/wp-content\/uploads\/2025\/02\/kanope-celine-laetitia-1.png\",\"contentUrl\":\"https:\/\/www.pagesmode.com\/actu\/wp-content\/uploads\/2025\/02\/kanope-celine-laetitia-1.png\",\"width\":2000,\"height\":1200},{\"@type\":\"BreadcrumbList\",\"@id\":\"https:\/\/www.pagesmode.com\/actu\/micro-pm-n2-kanope\/#breadcrumb\",\"itemListElement\":[{\"@type\":\"ListItem\",\"position\":1,\"name\":\"Accueil\",\"item\":\"https:\/\/www.pagesmode.com\/actu\/\"},{\"@type\":\"ListItem\",\"position\":2,\"name\":\"Micro PM : Kanop\u00e9\"}]},{\"@type\":\"WebSite\",\"@id\":\"https:\/\/www.pagesmode.com\/actu\/#website\",\"url\":\"https:\/\/www.pagesmode.com\/actu\/\",\"name\":\"PagesMode Actu\",\"description\":\"\",\"publisher\":{\"@id\":\"https:\/\/www.pagesmode.com\/actu\/#organization\"},\"potentialAction\":[{\"@type\":\"SearchAction\",\"target\":{\"@type\":\"EntryPoint\",\"urlTemplate\":\"https:\/\/www.pagesmode.com\/actu\/?s={search_term_string}\"},\"query-input\":{\"@type\":\"PropertyValueSpecification\",\"valueRequired\":true,\"valueName\":\"search_term_string\"}}],\"inLanguage\":\"fr-FR\"},{\"@type\":\"Organization\",\"@id\":\"https:\/\/www.pagesmode.com\/actu\/#organization\",\"name\":\"PagesMode Actu\",\"url\":\"https:\/\/www.pagesmode.com\/actu\/\",\"logo\":{\"@type\":\"ImageObject\",\"inLanguage\":\"fr-FR\",\"@id\":\"https:\/\/www.pagesmode.com\/actu\/#\/schema\/logo\/image\/\",\"url\":\"https:\/\/www.pagesmode.com\/actu\/wp-content\/uploads\/2026\/04\/logo-pm-ivoire.png\",\"contentUrl\":\"https:\/\/www.pagesmode.com\/actu\/wp-content\/uploads\/2026\/04\/logo-pm-ivoire.png\",\"width\":2400,\"height\":1500,\"caption\":\"PagesMode Actu\"},\"image\":{\"@id\":\"https:\/\/www.pagesmode.com\/actu\/#\/schema\/logo\/image\/\"},\"sameAs\":[\"https:\/\/www.instagram.com\/pagesmodeofficiel\/\"]},{\"@type\":\"Person\",\"@id\":\"https:\/\/www.pagesmode.com\/actu\/#\/schema\/person\/cc650be0c19b7f8f5c667d0020f00eb0\",\"name\":\"Th\u00e9r\u00e8se\",\"image\":{\"@type\":\"ImageObject\",\"inLanguage\":\"fr-FR\",\"@id\":\"https:\/\/www.pagesmode.com\/actu\/#\/schema\/person\/image\/\",\"url\":\"https:\/\/secure.gravatar.com\/avatar\/4ee38301b735d0c9f7a3d408a27a19d6052a491e440bde3b47f9bfd948ad5598?s=96&d=mm&r=g\",\"contentUrl\":\"https:\/\/secure.gravatar.com\/avatar\/4ee38301b735d0c9f7a3d408a27a19d6052a491e440bde3b47f9bfd948ad5598?s=96&d=mm&r=g\",\"caption\":\"Th\u00e9r\u00e8se\"},\"url\":\"https:\/\/www.pagesmode.com\/actu\/author\/therese\/\"}]}<\/script>\n<!-- \/ Yoast SEO plugin. -->","yoast_head_json":{"title":"Micro PM : Kanop\u00e9 - Blog PagesMode","description":"D\u00e9couvrez l'interview exclusive de C\u00e9line et La\u00ebtitia Allain, cog\u00e9rantes de Kanop\u00e9, r\u00e9alis\u00e9e au salon Who\u2019s Next 2025. Entre h\u00e9ritage...","robots":{"index":"index","follow":"follow","max-snippet":"max-snippet:-1","max-image-preview":"max-image-preview:large","max-video-preview":"max-video-preview:-1"},"canonical":"https:\/\/www.pagesmode.com\/actu\/micro-pm-n2-kanope\/","og_locale":"fr_FR","og_type":"article","og_title":"Micro PM : Kanop\u00e9 - Blog PagesMode","og_description":"D\u00e9couvrez l'interview exclusive de C\u00e9line et La\u00ebtitia Allain, cog\u00e9rantes de Kanop\u00e9, r\u00e9alis\u00e9e au salon Who\u2019s Next 2025. Entre h\u00e9ritage...","og_url":"https:\/\/www.pagesmode.com\/actu\/micro-pm-n2-kanope\/","og_site_name":"Blog PagesMode","article_published_time":"2025-02-19T16:00:46+00:00","article_modified_time":"2026-04-24T13:40:00+00:00","og_image":[{"width":2000,"height":1200,"url":"https:\/\/www.pagesmode.com\/actu\/wp-content\/uploads\/2025\/02\/kanope-celine-laetitia-1.png","type":"image\/png"}],"author":"Th\u00e9r\u00e8se","twitter_card":"summary_large_image","twitter_misc":{"\u00c9crit par":"Th\u00e9r\u00e8se","Dur\u00e9e de lecture estim\u00e9e":"6 minutes"},"schema":{"@context":"https:\/\/schema.org","@graph":[{"@type":"Article","@id":"https:\/\/www.pagesmode.com\/actu\/micro-pm-n2-kanope\/#article","isPartOf":{"@id":"https:\/\/www.pagesmode.com\/actu\/micro-pm-n2-kanope\/"},"author":{"name":"Th\u00e9r\u00e8se","@id":"https:\/\/www.pagesmode.com\/actu\/#\/schema\/person\/cc650be0c19b7f8f5c667d0020f00eb0"},"headline":"Micro PM : Kanop\u00e9","datePublished":"2025-02-19T16:00:46+00:00","dateModified":"2026-04-24T13:40:00+00:00","mainEntityOfPage":{"@id":"https:\/\/www.pagesmode.com\/actu\/micro-pm-n2-kanope\/"},"wordCount":1089,"commentCount":0,"publisher":{"@id":"https:\/\/www.pagesmode.com\/actu\/#organization"},"image":{"@id":"https:\/\/www.pagesmode.com\/actu\/micro-pm-n2-kanope\/#primaryimage"},"thumbnailUrl":"https:\/\/www.pagesmode.com\/actu\/wp-content\/uploads\/2025\/02\/kanope-celine-laetitia-1.png","articleSection":["Micro PM"],"inLanguage":"fr-FR","potentialAction":[{"@type":"CommentAction","name":"Comment","target":["https:\/\/www.pagesmode.com\/actu\/micro-pm-n2-kanope\/#respond"]}]},{"@type":"WebPage","@id":"https:\/\/www.pagesmode.com\/actu\/micro-pm-n2-kanope\/","url":"https:\/\/www.pagesmode.com\/actu\/micro-pm-n2-kanope\/","name":"Micro PM : Kanop\u00e9 - Blog PagesMode","isPartOf":{"@id":"https:\/\/www.pagesmode.com\/actu\/#website"},"primaryImageOfPage":{"@id":"https:\/\/www.pagesmode.com\/actu\/micro-pm-n2-kanope\/#primaryimage"},"image":{"@id":"https:\/\/www.pagesmode.com\/actu\/micro-pm-n2-kanope\/#primaryimage"},"thumbnailUrl":"https:\/\/www.pagesmode.com\/actu\/wp-content\/uploads\/2025\/02\/kanope-celine-laetitia-1.png","datePublished":"2025-02-19T16:00:46+00:00","dateModified":"2026-04-24T13:40:00+00:00","description":"D\u00e9couvrez l'interview exclusive de C\u00e9line et La\u00ebtitia Allain, cog\u00e9rantes de Kanop\u00e9, r\u00e9alis\u00e9e au salon Who\u2019s Next 2025. Entre h\u00e9ritage...","breadcrumb":{"@id":"https:\/\/www.pagesmode.com\/actu\/micro-pm-n2-kanope\/#breadcrumb"},"inLanguage":"fr-FR","potentialAction":[{"@type":"ReadAction","target":["https:\/\/www.pagesmode.com\/actu\/micro-pm-n2-kanope\/"]}]},{"@type":"ImageObject","inLanguage":"fr-FR","@id":"https:\/\/www.pagesmode.com\/actu\/micro-pm-n2-kanope\/#primaryimage","url":"https:\/\/www.pagesmode.com\/actu\/wp-content\/uploads\/2025\/02\/kanope-celine-laetitia-1.png","contentUrl":"https:\/\/www.pagesmode.com\/actu\/wp-content\/uploads\/2025\/02\/kanope-celine-laetitia-1.png","width":2000,"height":1200},{"@type":"BreadcrumbList","@id":"https:\/\/www.pagesmode.com\/actu\/micro-pm-n2-kanope\/#breadcrumb","itemListElement":[{"@type":"ListItem","position":1,"name":"Accueil","item":"https:\/\/www.pagesmode.com\/actu\/"},{"@type":"ListItem","position":2,"name":"Micro PM : Kanop\u00e9"}]},{"@type":"WebSite","@id":"https:\/\/www.pagesmode.com\/actu\/#website","url":"https:\/\/www.pagesmode.com\/actu\/","name":"PagesMode Actu","description":"","publisher":{"@id":"https:\/\/www.pagesmode.com\/actu\/#organization"},"potentialAction":[{"@type":"SearchAction","target":{"@type":"EntryPoint","urlTemplate":"https:\/\/www.pagesmode.com\/actu\/?s={search_term_string}"},"query-input":{"@type":"PropertyValueSpecification","valueRequired":true,"valueName":"search_term_string"}}],"inLanguage":"fr-FR"},{"@type":"Organization","@id":"https:\/\/www.pagesmode.com\/actu\/#organization","name":"PagesMode Actu","url":"https:\/\/www.pagesmode.com\/actu\/","logo":{"@type":"ImageObject","inLanguage":"fr-FR","@id":"https:\/\/www.pagesmode.com\/actu\/#\/schema\/logo\/image\/","url":"https:\/\/www.pagesmode.com\/actu\/wp-content\/uploads\/2026\/04\/logo-pm-ivoire.png","contentUrl":"https:\/\/www.pagesmode.com\/actu\/wp-content\/uploads\/2026\/04\/logo-pm-ivoire.png","width":2400,"height":1500,"caption":"PagesMode Actu"},"image":{"@id":"https:\/\/www.pagesmode.com\/actu\/#\/schema\/logo\/image\/"},"sameAs":["https:\/\/www.instagram.com\/pagesmodeofficiel\/"]},{"@type":"Person","@id":"https:\/\/www.pagesmode.com\/actu\/#\/schema\/person\/cc650be0c19b7f8f5c667d0020f00eb0","name":"Th\u00e9r\u00e8se","image":{"@type":"ImageObject","inLanguage":"fr-FR","@id":"https:\/\/www.pagesmode.com\/actu\/#\/schema\/person\/image\/","url":"https:\/\/secure.gravatar.com\/avatar\/4ee38301b735d0c9f7a3d408a27a19d6052a491e440bde3b47f9bfd948ad5598?s=96&d=mm&r=g","contentUrl":"https:\/\/secure.gravatar.com\/avatar\/4ee38301b735d0c9f7a3d408a27a19d6052a491e440bde3b47f9bfd948ad5598?s=96&d=mm&r=g","caption":"Th\u00e9r\u00e8se"},"url":"https:\/\/www.pagesmode.com\/actu\/author\/therese\/"}]}},"jetpack_sharing_enabled":true,"jetpack_featured_media_url":"https:\/\/www.pagesmode.com\/actu\/wp-content\/uploads\/2025\/02\/kanope-celine-laetitia-1.png","jetpack-related-posts":[],"_links":{"self":[{"href":"https:\/\/www.pagesmode.com\/actu\/wp-json\/wp\/v2\/posts\/298","targetHints":{"allow":["GET"]}}],"collection":[{"href":"https:\/\/www.pagesmode.com\/actu\/wp-json\/wp\/v2\/posts"}],"about":[{"href":"https:\/\/www.pagesmode.com\/actu\/wp-json\/wp\/v2\/types\/post"}],"author":[{"embeddable":true,"href":"https:\/\/www.pagesmode.com\/actu\/wp-json\/wp\/v2\/users\/2"}],"replies":[{"embeddable":true,"href":"https:\/\/www.pagesmode.com\/actu\/wp-json\/wp\/v2\/comments?post=298"}],"version-history":[{"count":2,"href":"https:\/\/www.pagesmode.com\/actu\/wp-json\/wp\/v2\/posts\/298\/revisions"}],"predecessor-version":[{"id":537,"href":"https:\/\/www.pagesmode.com\/actu\/wp-json\/wp\/v2\/posts\/298\/revisions\/537"}],"wp:featuredmedia":[{"embeddable":true,"href":"https:\/\/www.pagesmode.com\/actu\/wp-json\/wp\/v2\/media\/306"}],"wp:attachment":[{"href":"https:\/\/www.pagesmode.com\/actu\/wp-json\/wp\/v2\/media?parent=298"}],"wp:term":[{"taxonomy":"category","embeddable":true,"href":"https:\/\/www.pagesmode.com\/actu\/wp-json\/wp\/v2\/categories?post=298"},{"taxonomy":"post_tag","embeddable":true,"href":"https:\/\/www.pagesmode.com\/actu\/wp-json\/wp\/v2\/tags?post=298"}],"curies":[{"name":"wp","href":"https:\/\/api.w.org\/{rel}","templated":true}]}}