{"id":31,"date":"2024-11-14T17:27:08","date_gmt":"2024-11-14T16:27:08","guid":{"rendered":"http:\/\/localhost:8066\/?p=31"},"modified":"2026-04-24T14:41:22","modified_gmt":"2026-04-24T13:41:22","slug":"le-manteau-echarpe-la-piece-incontournable-de-l-hiver-2024-2025","status":"publish","type":"post","link":"https:\/\/www.pagesmode.com\/actu\/le-manteau-echarpe-la-piece-incontournable-de-l-hiver-2024-2025\/","title":{"rendered":"Le manteau-\u00e9charpe : la pi\u00e8ce incontournable de l&rsquo;hiver 2024-2025"},"content":{"rendered":"\n<p>L&rsquo;hiver arrive, et une pi\u00e8ce s&rsquo;impose partout : <strong>le manteau-\u00e9charpe<\/strong>. Pratique, chic et chaud, il m\u00e9lange le confort et le style comme aucune autre pi\u00e8ce. On le voit sur les podiums, dans la rue, et bien s\u00fbr dans nos boutiques pr\u00e9f\u00e9r\u00e9es. D\u00e9cryptons ensemble cet essentiel qui a d\u00e9j\u00e0 conquis les Queen de la mode. <\/p>\n\n\n\n<!--more-->\n\n\n\n<h2 class=\"wp-block-heading\">Pourquoi adopter le manteau-\u00e9charpe cet automne\/hiver ? <\/h2>\n\n\n\n<p>Deux en un, le <strong>manteau-\u00e9charpe<\/strong> combine deux indispensables de l&rsquo;hiver : la chaleur d&rsquo;un bon <strong>manteau<\/strong> et le style d&rsquo;une <strong>\u00e9charpe int\u00e9gr\u00e9e<\/strong>. Le r\u00e9sultat ? Une silhouette \u00e9l\u00e9gante et un confort maximal. <\/p>\n\n\n\n<p>\u00c0 l&rsquo;origine, c&rsquo;est la marque scandinave <strong><a href=\"https:\/\/www.pagesmode.com\/toteme\">Tot<\/a><a href=\"https:\/\/www.pagesmode.com\/toteme\" target=\"_blank\" rel=\"noreferrer noopener\">\u00eame<\/a><\/strong> qui a popularis\u00e9 cette pi\u00e8ce en 2021. Depuis, elle est devenue un must-have, ador\u00e9e par des ic\u00f4nes comme Kendall Jenner ou Jennifer Lawrence.<\/p>\n\n\n\n<p>Cette saison <strong>automne\/hiver<\/strong>, les cr\u00e9ateurs s&rsquo;en donnent \u00e0 coeur joie. <strong><a href=\"https:\/\/www.pagesmode.com\/alaia\" target=\"_blank\" rel=\"noreferrer noopener\">Ala\u00efa<\/a><\/strong>, <strong><a href=\"https:\/\/www.pagesmode.com\/acne-studios\" target=\"_blank\" rel=\"noreferrer noopener\">Acne Studio<\/a><\/strong> ou encore <strong><a href=\"https:\/\/www.printemps.com\/fr\/fr\/saison1865-femme\" target=\"_blank\" rel=\"noreferrer noopener\">Saison 1865<\/a><\/strong>, revisitent cette pi\u00e8ce avec des coupes modernes, des mati\u00e8res luxueuses et des d\u00e9tails originaux.<\/p>\n\n\n\n<div style=\"height:50px\" aria-hidden=\"true\" class=\"wp-block-spacer\"><\/div>\n\n\n\n<div class=\"wp-block-media-text titre-personnalise paragraphe-personnalise\" style=\"padding-top:0;padding-bottom:0;grid-template-columns:44% auto\"><figure class=\"wp-block-media-text__media\"><img loading=\"lazy\" decoding=\"async\" width=\"731\" height=\"1024\" src=\"https:\/\/www.pagesmode.com\/actu\/wp-content\/uploads\/2024\/11\/toteme-manteau-echarpe-1-731x1024.webp\" alt=\"Manteau court en laine de la marque Tot\u00eame, avec \u00e9charpe int\u00e9gr\u00e9e et surpiq\u00fbres blanches, port\u00e9 par un mannequin debout avec un pantalon clair et des bottines noires.\" class=\"wp-image-159 size-full\" srcset=\"https:\/\/www.pagesmode.com\/actu\/wp-content\/uploads\/2024\/11\/toteme-manteau-echarpe-1-731x1024.webp 731w, https:\/\/www.pagesmode.com\/actu\/wp-content\/uploads\/2024\/11\/toteme-manteau-echarpe-1-214x300.webp 214w, https:\/\/www.pagesmode.com\/actu\/wp-content\/uploads\/2024\/11\/toteme-manteau-echarpe-1-768x1075.webp 768w, https:\/\/www.pagesmode.com\/actu\/wp-content\/uploads\/2024\/11\/toteme-manteau-echarpe-1-1097x1536.webp 1097w, https:\/\/www.pagesmode.com\/actu\/wp-content\/uploads\/2024\/11\/toteme-manteau-echarpe-1-1463x2048.webp 1463w, https:\/\/www.pagesmode.com\/actu\/wp-content\/uploads\/2024\/11\/toteme-manteau-echarpe-1.webp 1500w\" sizes=\"auto, (max-width: 731px) 100vw, 731px\" \/><\/figure><div class=\"wp-block-media-text__content\">\n<h3 class=\"wp-block-heading has-x-large-font-size\" style=\"border-style:none;border-width:0px;border-radius:0px;margin-top:0;margin-bottom:0;padding-top:0;padding-right:0;padding-bottom:0;padding-left:0;line-height:1.3\">Le manteau court Tot\u00eame<\/h3>\n\n\n\n<p>En effet, le manteau-\u00e9charpe de la <strong>marque scandinave Tot\u00eame<\/strong>, est le combo parfait entre le style et la simplicit\u00e9. Il est court et structur\u00e9, il s\u2019arr\u00eate juste au-dessus des hanches et offre une silhouette \u00e9pur\u00e9e. Il se d\u00e9marque avec ses surpiq\u00fbres blanches qui ajoutent juste ce qu\u2019il faut de contraste. Par ailleurs, l\u2019<strong>\u00e9charpe int\u00e9gr\u00e9e<\/strong> s\u2019enroule avec \u00e9l\u00e9gance autour du col.<\/p>\n<\/div><\/div>\n\n\n\n<p>\ud83d\udc49 <strong>\u00c0 porter avec :<\/strong> Un jean droit, des bottines en cuir, et un sac minimaliste. Une combinaison facile pour un look chic et d\u00e9contract\u00e9.<\/p>\n\n\n\n<div class=\"wp-block-buttons is-layout-flex wp-block-buttons-is-layout-flex\">\n<div class=\"wp-block-button\"><a class=\"wp-block-button__link wp-element-button\" href=\"https:\/\/www.pagesmode.com\/toteme\" style=\"border-radius:30px\" target=\"_blank\" rel=\"noreferrer noopener\">O\u00f9 trouver Tot\u00eame ?<\/a><\/div>\n<\/div>\n\n\n\n<div style=\"height:50px\" aria-hidden=\"true\" class=\"wp-block-spacer\"><\/div>\n\n\n\n<div class=\"wp-block-media-text is-image-fill-element titre-personnalise paragraphe-personnalise\" style=\"padding-top:0;padding-bottom:0;grid-template-columns:46% auto\"><figure class=\"wp-block-media-text__media\"><img loading=\"lazy\" decoding=\"async\" width=\"882\" height=\"1024\" src=\"https:\/\/www.pagesmode.com\/actu\/wp-content\/uploads\/2024\/11\/manteau-valeran-vanessa-bruno-882x1024.webp\" alt=\"Photo du manteau Valeran de Vanessa Bruno : un manteau long et fluide en laine grise avec \u00e9charpe amovible et ceinture en cuir, parfait pour un style chic et \u00e9pur\u00e9 cet hiver\" class=\"wp-image-163 size-full\" style=\"object-position:50% 50%\" srcset=\"https:\/\/www.pagesmode.com\/actu\/wp-content\/uploads\/2024\/11\/manteau-valeran-vanessa-bruno-882x1024.webp 882w, https:\/\/www.pagesmode.com\/actu\/wp-content\/uploads\/2024\/11\/manteau-valeran-vanessa-bruno-259x300.webp 259w, https:\/\/www.pagesmode.com\/actu\/wp-content\/uploads\/2024\/11\/manteau-valeran-vanessa-bruno-768x891.webp 768w, https:\/\/www.pagesmode.com\/actu\/wp-content\/uploads\/2024\/11\/manteau-valeran-vanessa-bruno-1324x1536.webp 1324w, https:\/\/www.pagesmode.com\/actu\/wp-content\/uploads\/2024\/11\/manteau-valeran-vanessa-bruno.webp 1620w\" sizes=\"auto, (max-width: 882px) 100vw, 882px\" \/><\/figure><div class=\"wp-block-media-text__content\">\n<h3 class=\"wp-block-heading has-x-large-font-size\" style=\"border-style:none;border-width:0px;border-radius:0px;margin-top:0;margin-bottom:0;padding-top:0;padding-right:0;padding-bottom:0;padding-left:0;line-height:1.3\">Vanessa Bruno : le manteau long<\/h3>\n\n\n\n<p>Le manteau \u00e9charpe <strong>Valeran<\/strong> de <strong>Vanessa Bruno<\/strong>, c\u2019est avant tout le mix entre confort et sophistication. Long et fluide, il vous enveloppe dans un cocon gr\u00e2ce \u00e0 sa coupe \u00e9pur\u00e9e et ses pans asym\u00e9triques.<\/p>\n\n\n\n<p>Mais ce n\u2019est pas tout. Son petit plus : une <strong>\u00e9charpe amovible<\/strong> qui se fixe dans la nuque. Ainsi, elle est parfaite pour les jours o\u00f9 l&rsquo;on souhaite varier son look ou opter pour un style plus minimaliste.\u00a0<\/p>\n\n\n\n<p>En outre, sa <strong>ceinture en cuir<\/strong> qui marque joliment la taille et ses grandes fentes sur les c\u00f4t\u00e9s, il apporte juste ce qu\u2019il faut de mouvement.<\/p>\n<\/div><\/div>\n\n\n\n<p>\ud83d\udc49 <strong>\u00c0 porter avec :<\/strong> Un tailleur oversize et des baskets pour un look d\u00e9contract\u00e9, ou une jupe midi et des bottes hautes pour une allure \u00e9l\u00e9gante.Bouton qui renvoie vers le produit sur leur site&nbsp;<\/p>\n\n\n\n<div class=\"wp-block-buttons is-layout-flex wp-block-buttons-is-layout-flex\">\n<div class=\"wp-block-button has-custom-width wp-block-button__width-25\"><a class=\"wp-block-button__link wp-element-button\" href=\"https:\/\/www.lulli-sur-la-toile.com\/manteau-valeran-gris-chine.html\" style=\"border-radius:30px\" target=\"_blank\" rel=\"noreferrer noopener\">Je le veux<\/a><\/div>\n<\/div>\n\n\n\n<div style=\"height:50px\" aria-hidden=\"true\" class=\"wp-block-spacer\"><\/div>\n\n\n\n<div class=\"wp-block-media-text is-image-fill-element titre-personnalise paragraphe-personnalise\" style=\"padding-top:0;padding-bottom:0;grid-template-columns:46% auto\"><figure class=\"wp-block-media-text__media\"><img loading=\"lazy\" decoding=\"async\" width=\"560\" height=\"840\" src=\"https:\/\/www.pagesmode.com\/actu\/wp-content\/uploads\/2024\/11\/manteau-echarpe-acne.webp\" alt=\"Photo du Scarf Collar Trench Coat d'Acne Studios : manteau long en laine m\u00e9lang\u00e9e noir, dot\u00e9 d'un col \u00e9charpe int\u00e9gr\u00e9, d'un double boutonnage et d'une ceinture \u00e0 nouer, pour un style d\u00e9contract\u00e9 et \u00e9l\u00e9gant cet hiver.\" class=\"wp-image-165 size-full\" style=\"object-position:50% 50%\" srcset=\"https:\/\/www.pagesmode.com\/actu\/wp-content\/uploads\/2024\/11\/manteau-echarpe-acne.webp 560w, https:\/\/www.pagesmode.com\/actu\/wp-content\/uploads\/2024\/11\/manteau-echarpe-acne-200x300.webp 200w\" sizes=\"auto, (max-width: 560px) 100vw, 560px\" \/><\/figure><div class=\"wp-block-media-text__content\">\n<h3 class=\"wp-block-heading has-x-large-font-size\" style=\"border-style:none;border-width:0px;border-radius:0px;margin-top:0;margin-bottom:0;padding-top:0;padding-right:0;padding-bottom:0;padding-left:0;line-height:1.3\">Le Scarf Collar Trench Coat de Acne Studio<\/h3>\n\n\n\n<p>Par ailleurs, le<strong> trench scarf coat<\/strong> d\u2019<strong>Acne Studios<\/strong>, c\u2019est le manteau qui red\u00e9finit le cool cet hiver. Gr\u00e2ce \u00e0 son <strong>col \u00e9charpe<\/strong> int\u00e9gr\u00e9 et sa coupe longue d\u00e9contract\u00e9e, il allie style et confort. En effet, c\u2019est un peu comme si votre <strong>trench <\/strong>classique avait d\u00e9cid\u00e9 de prendre un niveau sup\u00e9rieur.\u00a0<\/p>\n\n\n\n<p>En ce qui concerne son design, il s&rsquo;agit d&rsquo;un m\u00e9lange parfait de d\u00e9tails : double boutonnage, ceinture \u00e0 nouer et poches \u00e0 rabat. Le tout dans une laine m\u00e9lang\u00e9e douce, pour affronter le froid, mais tout en restant styl\u00e9e.<\/p>\n<\/div><\/div>\n\n\n\n<p>\ud83d\udc49 <strong>\u00c0 porter avec :<\/strong> Un pantalon en cuir et des boots chunky pour une vibe edgy, ou une robe longue fluide pour un style contemporain.<\/p>\n\n\n\n<div class=\"wp-block-buttons is-layout-flex wp-block-buttons-is-layout-flex\">\n<div class=\"wp-block-button\"><a class=\"wp-block-button__link wp-element-button\" href=\"https:\/\/www.pagesmode.com\/acne-studios\" style=\"border-radius:30px\" target=\"_blank\" rel=\"noreferrer noopener\">O\u00f9 trouver Acne ?<\/a><\/div>\n<\/div>\n\n\n\n<div style=\"height:50px\" aria-hidden=\"true\" class=\"wp-block-spacer\"><\/div>\n\n\n\n<h2 class=\"wp-block-heading\">O\u00f9 shopper le manteau-\u00e9charpe pour cet hiver ? <\/h2>\n\n\n\n<p>\ud83d\udc49 <strong>Pour les grandes marques :<\/strong> Tot\u00eame, Vanessa Bruno, Acne Studios et Saison 1865 proposent des mod\u00e8les d\u00e9j\u00e0 adopt\u00e9s par les fashionistas.<\/p>\n\n\n\n<p>\ud83d\udc49 <strong>Pour les budgets plus serr\u00e9s :<\/strong> Des options styl\u00e9es vous attendent chez Mango ou Abercrombie.<\/p>\n\n\n\n<p>\ud83d\udc49 <strong>Pour des pi\u00e8ces uniques :<\/strong> Rendez-vous dans les boutiques ind\u00e9pendantes comme, <strong><a href=\"https:\/\/www.pagesmode.com\/boutique\/boutique-lulli-cassis\" data-type=\"link\" data-id=\"https:\/\/www.lulli-sur-la-toile.com\/\" target=\"_blank\" rel=\"noreferrer noopener\">Lulli Sur La Toile<\/a><\/strong> ou encore <strong><a href=\"https:\/\/www.pagesmode.com\/boutique\/rouge-fantomas-noir-lambersart\" data-type=\"link\" data-id=\"https:\/\/rougefantomasnoir.com\/\" target=\"_blank\" rel=\"noreferrer noopener\">Rouge Fantomas Noir<\/a><\/strong>, qui d\u00e9nichent des tr\u00e9sors \u00e0 la pointe des tendances.&nbsp;<\/p>\n\n\n\n<div style=\"height:50px\" aria-hidden=\"true\" class=\"wp-block-spacer\"><\/div>\n\n\n\n<h3 class=\"wp-block-heading\">Vous cherchez une marque en particulier ?<\/h3>\n\n\n\n<p>Utilisez notre <a href=\"https:\/\/www.pagesmode.com\/\" data-type=\"link\" data-id=\"https:\/\/www.pagesmode.com\/\" target=\"_blank\" rel=\"noreferrer noopener\">moteur de recherche<\/a> pour d\u00e9couvrir les boutiques pr\u00e8s de chez vous !<\/p>\n\n\n\n<p><\/p>\n","protected":false},"excerpt":{"rendered":"<p>L&rsquo;hiver arrive, et une pi\u00e8ce s&rsquo;impose partout : le manteau-\u00e9charpe. Pratique, chic et chaud, il m\u00e9lange le confort et le style comme aucune autre pi\u00e8ce. On le voit sur les podiums, dans la rue, et bien s\u00fbr dans nos boutiques pr\u00e9f\u00e9r\u00e9es. D\u00e9cryptons ensemble cet essentiel qui a d\u00e9j\u00e0 conquis les Queen de la mode.<\/p>\n","protected":false},"author":1,"featured_media":178,"comment_status":"open","ping_status":"open","sticky":false,"template":"","format":"standard","meta":{"_jetpack_memberships_contains_paid_content":false,"footnotes":""},"categories":[11],"tags":[],"class_list":["post-31","post","type-post","status-publish","format-standard","has-post-thumbnail","hentry","category-decryptage"],"yoast_head":"<!-- This site is optimized with the Yoast SEO plugin v24.0 - https:\/\/yoast.com\/wordpress\/plugins\/seo\/ -->\n<title>Le manteau-\u00e9charpe : la tendance phare de l\u2019hiver 2024\/2025 ?<\/title>\n<meta name=\"description\" content=\"Adoptez le manteau-\u00e9charpe, la pi\u00e8ce phare de l\u2019hiver 2024\/2025. \u00c9l\u00e9gant, pratique et ultra-tendance, d\u00e9couvrez pourquoi...\" \/>\n<meta name=\"robots\" content=\"index, follow, max-snippet:-1, max-image-preview:large, max-video-preview:-1\" \/>\n<link rel=\"canonical\" href=\"https:\/\/www.pagesmode.com\/actu\/le-manteau-echarpe-la-piece-incontournable-de-l-hiver-2024-2025\/\" \/>\n<meta property=\"og:locale\" content=\"fr_FR\" \/>\n<meta property=\"og:type\" content=\"article\" \/>\n<meta property=\"og:title\" content=\"Le manteau-\u00e9charpe : la tendance phare de l\u2019hiver 2024\/2025 ?\" \/>\n<meta property=\"og:description\" content=\"Adoptez le manteau-\u00e9charpe, la pi\u00e8ce phare de l\u2019hiver 2024\/2025. \u00c9l\u00e9gant, pratique et ultra-tendance, d\u00e9couvrez pourquoi...\" \/>\n<meta property=\"og:url\" content=\"https:\/\/www.pagesmode.com\/actu\/le-manteau-echarpe-la-piece-incontournable-de-l-hiver-2024-2025\/\" \/>\n<meta property=\"og:site_name\" content=\"Blog PagesMode\" \/>\n<meta property=\"article:published_time\" content=\"2024-11-14T16:27:08+00:00\" \/>\n<meta property=\"article:modified_time\" content=\"2026-04-24T13:41:22+00:00\" \/>\n<meta property=\"og:image\" content=\"https:\/\/www.pagesmode.com\/actu\/wp-content\/uploads\/2024\/11\/article-manteau-echarpe-1024x614.png\" \/>\n\t<meta property=\"og:image:width\" content=\"1024\" \/>\n\t<meta property=\"og:image:height\" content=\"614\" \/>\n\t<meta property=\"og:image:type\" content=\"image\/png\" \/>\n<meta name=\"author\" content=\"PagesMode\" \/>\n<meta name=\"twitter:card\" content=\"summary_large_image\" \/>\n<meta name=\"twitter:label1\" content=\"\u00c9crit par\" \/>\n\t<meta name=\"twitter:data1\" content=\"PagesMode\" \/>\n\t<meta name=\"twitter:label2\" content=\"Dur\u00e9e de lecture estim\u00e9e\" \/>\n\t<meta name=\"twitter:data2\" content=\"4 minutes\" \/>\n<script type=\"application\/ld+json\" class=\"yoast-schema-graph\">{\"@context\":\"https:\/\/schema.org\",\"@graph\":[{\"@type\":\"Article\",\"@id\":\"https:\/\/www.pagesmode.com\/actu\/le-manteau-echarpe-la-piece-incontournable-de-l-hiver-2024-2025\/#article\",\"isPartOf\":{\"@id\":\"https:\/\/www.pagesmode.com\/actu\/le-manteau-echarpe-la-piece-incontournable-de-l-hiver-2024-2025\/\"},\"author\":{\"name\":\"PagesMode\",\"@id\":\"https:\/\/www.pagesmode.com\/actu\/#\/schema\/person\/7491863dd13d3cad02928799b61a6f70\"},\"headline\":\"Le manteau-\u00e9charpe : la pi\u00e8ce incontournable de l&rsquo;hiver 2024-2025\",\"datePublished\":\"2024-11-14T16:27:08+00:00\",\"dateModified\":\"2026-04-24T13:41:22+00:00\",\"mainEntityOfPage\":{\"@id\":\"https:\/\/www.pagesmode.com\/actu\/le-manteau-echarpe-la-piece-incontournable-de-l-hiver-2024-2025\/\"},\"wordCount\":682,\"commentCount\":0,\"publisher\":{\"@id\":\"https:\/\/www.pagesmode.com\/actu\/#organization\"},\"image\":{\"@id\":\"https:\/\/www.pagesmode.com\/actu\/le-manteau-echarpe-la-piece-incontournable-de-l-hiver-2024-2025\/#primaryimage\"},\"thumbnailUrl\":\"https:\/\/www.pagesmode.com\/actu\/wp-content\/uploads\/2024\/11\/article-manteau-echarpe.png\",\"articleSection\":[\"D\u00e9cryptage\"],\"inLanguage\":\"fr-FR\",\"potentialAction\":[{\"@type\":\"CommentAction\",\"name\":\"Comment\",\"target\":[\"https:\/\/www.pagesmode.com\/actu\/le-manteau-echarpe-la-piece-incontournable-de-l-hiver-2024-2025\/#respond\"]}]},{\"@type\":\"WebPage\",\"@id\":\"https:\/\/www.pagesmode.com\/actu\/le-manteau-echarpe-la-piece-incontournable-de-l-hiver-2024-2025\/\",\"url\":\"https:\/\/www.pagesmode.com\/actu\/le-manteau-echarpe-la-piece-incontournable-de-l-hiver-2024-2025\/\",\"name\":\"Le manteau-\u00e9charpe : la tendance phare de l\u2019hiver 2024\/2025 ?\",\"isPartOf\":{\"@id\":\"https:\/\/www.pagesmode.com\/actu\/#website\"},\"primaryImageOfPage\":{\"@id\":\"https:\/\/www.pagesmode.com\/actu\/le-manteau-echarpe-la-piece-incontournable-de-l-hiver-2024-2025\/#primaryimage\"},\"image\":{\"@id\":\"https:\/\/www.pagesmode.com\/actu\/le-manteau-echarpe-la-piece-incontournable-de-l-hiver-2024-2025\/#primaryimage\"},\"thumbnailUrl\":\"https:\/\/www.pagesmode.com\/actu\/wp-content\/uploads\/2024\/11\/article-manteau-echarpe.png\",\"datePublished\":\"2024-11-14T16:27:08+00:00\",\"dateModified\":\"2026-04-24T13:41:22+00:00\",\"description\":\"Adoptez le manteau-\u00e9charpe, la pi\u00e8ce phare de l\u2019hiver 2024\/2025. \u00c9l\u00e9gant, pratique et ultra-tendance, d\u00e9couvrez pourquoi...\",\"breadcrumb\":{\"@id\":\"https:\/\/www.pagesmode.com\/actu\/le-manteau-echarpe-la-piece-incontournable-de-l-hiver-2024-2025\/#breadcrumb\"},\"inLanguage\":\"fr-FR\",\"potentialAction\":[{\"@type\":\"ReadAction\",\"target\":[\"https:\/\/www.pagesmode.com\/actu\/le-manteau-echarpe-la-piece-incontournable-de-l-hiver-2024-2025\/\"]}]},{\"@type\":\"ImageObject\",\"inLanguage\":\"fr-FR\",\"@id\":\"https:\/\/www.pagesmode.com\/actu\/le-manteau-echarpe-la-piece-incontournable-de-l-hiver-2024-2025\/#primaryimage\",\"url\":\"https:\/\/www.pagesmode.com\/actu\/wp-content\/uploads\/2024\/11\/article-manteau-echarpe.png\",\"contentUrl\":\"https:\/\/www.pagesmode.com\/actu\/wp-content\/uploads\/2024\/11\/article-manteau-echarpe.png\",\"width\":2363,\"height\":1418},{\"@type\":\"BreadcrumbList\",\"@id\":\"https:\/\/www.pagesmode.com\/actu\/le-manteau-echarpe-la-piece-incontournable-de-l-hiver-2024-2025\/#breadcrumb\",\"itemListElement\":[{\"@type\":\"ListItem\",\"position\":1,\"name\":\"Accueil\",\"item\":\"https:\/\/www.pagesmode.com\/actu\/\"},{\"@type\":\"ListItem\",\"position\":2,\"name\":\"Le manteau-\u00e9charpe : la pi\u00e8ce incontournable de l&rsquo;hiver 2024-2025\"}]},{\"@type\":\"WebSite\",\"@id\":\"https:\/\/www.pagesmode.com\/actu\/#website\",\"url\":\"https:\/\/www.pagesmode.com\/actu\/\",\"name\":\"PagesMode Actu\",\"description\":\"\",\"publisher\":{\"@id\":\"https:\/\/www.pagesmode.com\/actu\/#organization\"},\"potentialAction\":[{\"@type\":\"SearchAction\",\"target\":{\"@type\":\"EntryPoint\",\"urlTemplate\":\"https:\/\/www.pagesmode.com\/actu\/?s={search_term_string}\"},\"query-input\":{\"@type\":\"PropertyValueSpecification\",\"valueRequired\":true,\"valueName\":\"search_term_string\"}}],\"inLanguage\":\"fr-FR\"},{\"@type\":\"Organization\",\"@id\":\"https:\/\/www.pagesmode.com\/actu\/#organization\",\"name\":\"PagesMode Actu\",\"url\":\"https:\/\/www.pagesmode.com\/actu\/\",\"logo\":{\"@type\":\"ImageObject\",\"inLanguage\":\"fr-FR\",\"@id\":\"https:\/\/www.pagesmode.com\/actu\/#\/schema\/logo\/image\/\",\"url\":\"https:\/\/www.pagesmode.com\/actu\/wp-content\/uploads\/2026\/04\/logo-pm-ivoire.png\",\"contentUrl\":\"https:\/\/www.pagesmode.com\/actu\/wp-content\/uploads\/2026\/04\/logo-pm-ivoire.png\",\"width\":2400,\"height\":1500,\"caption\":\"PagesMode Actu\"},\"image\":{\"@id\":\"https:\/\/www.pagesmode.com\/actu\/#\/schema\/logo\/image\/\"},\"sameAs\":[\"https:\/\/www.instagram.com\/pagesmodeofficiel\/\"]},{\"@type\":\"Person\",\"@id\":\"https:\/\/www.pagesmode.com\/actu\/#\/schema\/person\/7491863dd13d3cad02928799b61a6f70\",\"name\":\"PagesMode\",\"image\":{\"@type\":\"ImageObject\",\"inLanguage\":\"fr-FR\",\"@id\":\"https:\/\/www.pagesmode.com\/actu\/#\/schema\/person\/image\/\",\"url\":\"https:\/\/secure.gravatar.com\/avatar\/81c419a77e63a01b57f066ddbc60276adc4234d03c3948e2a407fdc3f520573e?s=96&d=mm&r=g\",\"contentUrl\":\"https:\/\/secure.gravatar.com\/avatar\/81c419a77e63a01b57f066ddbc60276adc4234d03c3948e2a407fdc3f520573e?s=96&d=mm&r=g\",\"caption\":\"PagesMode\"},\"sameAs\":[\"https:\/\/www.pagesmode.com\/actu\"],\"url\":\"https:\/\/www.pagesmode.com\/actu\/author\/pagesmode\/\"}]}<\/script>\n<!-- \/ Yoast SEO plugin. -->","yoast_head_json":{"title":"Le manteau-\u00e9charpe : la tendance phare de l\u2019hiver 2024\/2025 ?","description":"Adoptez le manteau-\u00e9charpe, la pi\u00e8ce phare de l\u2019hiver 2024\/2025. \u00c9l\u00e9gant, pratique et ultra-tendance, d\u00e9couvrez pourquoi...","robots":{"index":"index","follow":"follow","max-snippet":"max-snippet:-1","max-image-preview":"max-image-preview:large","max-video-preview":"max-video-preview:-1"},"canonical":"https:\/\/www.pagesmode.com\/actu\/le-manteau-echarpe-la-piece-incontournable-de-l-hiver-2024-2025\/","og_locale":"fr_FR","og_type":"article","og_title":"Le manteau-\u00e9charpe : la tendance phare de l\u2019hiver 2024\/2025 ?","og_description":"Adoptez le manteau-\u00e9charpe, la pi\u00e8ce phare de l\u2019hiver 2024\/2025. \u00c9l\u00e9gant, pratique et ultra-tendance, d\u00e9couvrez pourquoi...","og_url":"https:\/\/www.pagesmode.com\/actu\/le-manteau-echarpe-la-piece-incontournable-de-l-hiver-2024-2025\/","og_site_name":"Blog PagesMode","article_published_time":"2024-11-14T16:27:08+00:00","article_modified_time":"2026-04-24T13:41:22+00:00","og_image":[{"width":1024,"height":614,"url":"https:\/\/www.pagesmode.com\/actu\/wp-content\/uploads\/2024\/11\/article-manteau-echarpe-1024x614.png","type":"image\/png"}],"author":"PagesMode","twitter_card":"summary_large_image","twitter_misc":{"\u00c9crit par":"PagesMode","Dur\u00e9e de lecture estim\u00e9e":"4 minutes"},"schema":{"@context":"https:\/\/schema.org","@graph":[{"@type":"Article","@id":"https:\/\/www.pagesmode.com\/actu\/le-manteau-echarpe-la-piece-incontournable-de-l-hiver-2024-2025\/#article","isPartOf":{"@id":"https:\/\/www.pagesmode.com\/actu\/le-manteau-echarpe-la-piece-incontournable-de-l-hiver-2024-2025\/"},"author":{"name":"PagesMode","@id":"https:\/\/www.pagesmode.com\/actu\/#\/schema\/person\/7491863dd13d3cad02928799b61a6f70"},"headline":"Le manteau-\u00e9charpe : la pi\u00e8ce incontournable de l&rsquo;hiver 2024-2025","datePublished":"2024-11-14T16:27:08+00:00","dateModified":"2026-04-24T13:41:22+00:00","mainEntityOfPage":{"@id":"https:\/\/www.pagesmode.com\/actu\/le-manteau-echarpe-la-piece-incontournable-de-l-hiver-2024-2025\/"},"wordCount":682,"commentCount":0,"publisher":{"@id":"https:\/\/www.pagesmode.com\/actu\/#organization"},"image":{"@id":"https:\/\/www.pagesmode.com\/actu\/le-manteau-echarpe-la-piece-incontournable-de-l-hiver-2024-2025\/#primaryimage"},"thumbnailUrl":"https:\/\/www.pagesmode.com\/actu\/wp-content\/uploads\/2024\/11\/article-manteau-echarpe.png","articleSection":["D\u00e9cryptage"],"inLanguage":"fr-FR","potentialAction":[{"@type":"CommentAction","name":"Comment","target":["https:\/\/www.pagesmode.com\/actu\/le-manteau-echarpe-la-piece-incontournable-de-l-hiver-2024-2025\/#respond"]}]},{"@type":"WebPage","@id":"https:\/\/www.pagesmode.com\/actu\/le-manteau-echarpe-la-piece-incontournable-de-l-hiver-2024-2025\/","url":"https:\/\/www.pagesmode.com\/actu\/le-manteau-echarpe-la-piece-incontournable-de-l-hiver-2024-2025\/","name":"Le manteau-\u00e9charpe : la tendance phare de l\u2019hiver 2024\/2025 ?","isPartOf":{"@id":"https:\/\/www.pagesmode.com\/actu\/#website"},"primaryImageOfPage":{"@id":"https:\/\/www.pagesmode.com\/actu\/le-manteau-echarpe-la-piece-incontournable-de-l-hiver-2024-2025\/#primaryimage"},"image":{"@id":"https:\/\/www.pagesmode.com\/actu\/le-manteau-echarpe-la-piece-incontournable-de-l-hiver-2024-2025\/#primaryimage"},"thumbnailUrl":"https:\/\/www.pagesmode.com\/actu\/wp-content\/uploads\/2024\/11\/article-manteau-echarpe.png","datePublished":"2024-11-14T16:27:08+00:00","dateModified":"2026-04-24T13:41:22+00:00","description":"Adoptez le manteau-\u00e9charpe, la pi\u00e8ce phare de l\u2019hiver 2024\/2025. \u00c9l\u00e9gant, pratique et ultra-tendance, d\u00e9couvrez pourquoi...","breadcrumb":{"@id":"https:\/\/www.pagesmode.com\/actu\/le-manteau-echarpe-la-piece-incontournable-de-l-hiver-2024-2025\/#breadcrumb"},"inLanguage":"fr-FR","potentialAction":[{"@type":"ReadAction","target":["https:\/\/www.pagesmode.com\/actu\/le-manteau-echarpe-la-piece-incontournable-de-l-hiver-2024-2025\/"]}]},{"@type":"ImageObject","inLanguage":"fr-FR","@id":"https:\/\/www.pagesmode.com\/actu\/le-manteau-echarpe-la-piece-incontournable-de-l-hiver-2024-2025\/#primaryimage","url":"https:\/\/www.pagesmode.com\/actu\/wp-content\/uploads\/2024\/11\/article-manteau-echarpe.png","contentUrl":"https:\/\/www.pagesmode.com\/actu\/wp-content\/uploads\/2024\/11\/article-manteau-echarpe.png","width":2363,"height":1418},{"@type":"BreadcrumbList","@id":"https:\/\/www.pagesmode.com\/actu\/le-manteau-echarpe-la-piece-incontournable-de-l-hiver-2024-2025\/#breadcrumb","itemListElement":[{"@type":"ListItem","position":1,"name":"Accueil","item":"https:\/\/www.pagesmode.com\/actu\/"},{"@type":"ListItem","position":2,"name":"Le manteau-\u00e9charpe : la pi\u00e8ce incontournable de l&rsquo;hiver 2024-2025"}]},{"@type":"WebSite","@id":"https:\/\/www.pagesmode.com\/actu\/#website","url":"https:\/\/www.pagesmode.com\/actu\/","name":"PagesMode Actu","description":"","publisher":{"@id":"https:\/\/www.pagesmode.com\/actu\/#organization"},"potentialAction":[{"@type":"SearchAction","target":{"@type":"EntryPoint","urlTemplate":"https:\/\/www.pagesmode.com\/actu\/?s={search_term_string}"},"query-input":{"@type":"PropertyValueSpecification","valueRequired":true,"valueName":"search_term_string"}}],"inLanguage":"fr-FR"},{"@type":"Organization","@id":"https:\/\/www.pagesmode.com\/actu\/#organization","name":"PagesMode Actu","url":"https:\/\/www.pagesmode.com\/actu\/","logo":{"@type":"ImageObject","inLanguage":"fr-FR","@id":"https:\/\/www.pagesmode.com\/actu\/#\/schema\/logo\/image\/","url":"https:\/\/www.pagesmode.com\/actu\/wp-content\/uploads\/2026\/04\/logo-pm-ivoire.png","contentUrl":"https:\/\/www.pagesmode.com\/actu\/wp-content\/uploads\/2026\/04\/logo-pm-ivoire.png","width":2400,"height":1500,"caption":"PagesMode Actu"},"image":{"@id":"https:\/\/www.pagesmode.com\/actu\/#\/schema\/logo\/image\/"},"sameAs":["https:\/\/www.instagram.com\/pagesmodeofficiel\/"]},{"@type":"Person","@id":"https:\/\/www.pagesmode.com\/actu\/#\/schema\/person\/7491863dd13d3cad02928799b61a6f70","name":"PagesMode","image":{"@type":"ImageObject","inLanguage":"fr-FR","@id":"https:\/\/www.pagesmode.com\/actu\/#\/schema\/person\/image\/","url":"https:\/\/secure.gravatar.com\/avatar\/81c419a77e63a01b57f066ddbc60276adc4234d03c3948e2a407fdc3f520573e?s=96&d=mm&r=g","contentUrl":"https:\/\/secure.gravatar.com\/avatar\/81c419a77e63a01b57f066ddbc60276adc4234d03c3948e2a407fdc3f520573e?s=96&d=mm&r=g","caption":"PagesMode"},"sameAs":["https:\/\/www.pagesmode.com\/actu"],"url":"https:\/\/www.pagesmode.com\/actu\/author\/pagesmode\/"}]}},"jetpack_sharing_enabled":true,"jetpack_featured_media_url":"https:\/\/www.pagesmode.com\/actu\/wp-content\/uploads\/2024\/11\/article-manteau-echarpe.png","jetpack-related-posts":[],"_links":{"self":[{"href":"https:\/\/www.pagesmode.com\/actu\/wp-json\/wp\/v2\/posts\/31","targetHints":{"allow":["GET"]}}],"collection":[{"href":"https:\/\/www.pagesmode.com\/actu\/wp-json\/wp\/v2\/posts"}],"about":[{"href":"https:\/\/www.pagesmode.com\/actu\/wp-json\/wp\/v2\/types\/post"}],"author":[{"embeddable":true,"href":"https:\/\/www.pagesmode.com\/actu\/wp-json\/wp\/v2\/users\/1"}],"replies":[{"embeddable":true,"href":"https:\/\/www.pagesmode.com\/actu\/wp-json\/wp\/v2\/comments?post=31"}],"version-history":[{"count":12,"href":"https:\/\/www.pagesmode.com\/actu\/wp-json\/wp\/v2\/posts\/31\/revisions"}],"predecessor-version":[{"id":241,"href":"https:\/\/www.pagesmode.com\/actu\/wp-json\/wp\/v2\/posts\/31\/revisions\/241"}],"wp:featuredmedia":[{"embeddable":true,"href":"https:\/\/www.pagesmode.com\/actu\/wp-json\/wp\/v2\/media\/178"}],"wp:attachment":[{"href":"https:\/\/www.pagesmode.com\/actu\/wp-json\/wp\/v2\/media?parent=31"}],"wp:term":[{"taxonomy":"category","embeddable":true,"href":"https:\/\/www.pagesmode.com\/actu\/wp-json\/wp\/v2\/categories?post=31"},{"taxonomy":"post_tag","embeddable":true,"href":"https:\/\/www.pagesmode.com\/actu\/wp-json\/wp\/v2\/tags?post=31"}],"curies":[{"name":"wp","href":"https:\/\/api.w.org\/{rel}","templated":true}]}}