{"id":546,"date":"2026-03-04T16:49:52","date_gmt":"2026-03-04T15:49:52","guid":{"rendered":"https:\/\/www.pagesmode.com\/actu\/?p=546"},"modified":"2026-04-24T13:53:02","modified_gmt":"2026-04-24T12:53:02","slug":"premiere-classe-matter-and-shape-la-creation-sous-toutes-les-formes","status":"publish","type":"post","link":"https:\/\/www.pagesmode.com\/actu\/premiere-classe-matter-and-shape-la-creation-sous-toutes-les-formes\/","title":{"rendered":"Premiere Classe x Matter and Shape : l\u2019alliance cr\u00e9ative"},"content":{"rendered":"\n<p>Alors que les podiums \u00e9lectrisent Paris, un autre rendez-vous fait vibrer le Jardin des Tuileries. Le temps de la Fashion Week, deux <strong>salons professionnels<\/strong>, (<a href=\"https:\/\/www.instagram.com\/premiereclasse.paris\/\">Premiere Classe<\/a> et <a href=\"https:\/\/www.instagram.com\/matterandshape\/\">Matter and Shape<\/a>) unissent leurs forces et transforment le lieu en v\u00e9ritable laboratoire d\u2019id\u00e9es.&nbsp;&nbsp;<\/p>\n\n\n\n<p>Du <strong>6 au 9 mars 2026<\/strong>, entre deux d\u00e9fil\u00e9s, acheteurs, journalistes et d\u00e9nicheurs de tendances affluent\u2026 pas pour fl\u00e2ner, mais pour plonger dans un concentr\u00e9 de cr\u00e9ation o\u00f9 accessoires et design contemporain dialoguent sans fausse note.&nbsp;&nbsp;<\/p>\n\n\n\n<p>L\u2019id\u00e9e est simple : r\u00e9unir au m\u00eame endroit, la mode et le design. \u00c0 la cl\u00e9, une immersion inspirante, un concentr\u00e9 de cr\u00e9ativit\u00e9, o\u00f9 l\u2019on peut rep\u00e9rer le prochain it-bag, tomber amoureux d\u2019une lampe ou repartir avec l\u2019envie urgente de tout r\u00e9inventer, de son vestiaire \u00e0 son int\u00e9rieur.&nbsp;&nbsp;&nbsp;<\/p>\n\n\n\n<h2 class=\"wp-block-heading has-large-font-size\"><strong>Premiere Classe : l\u2019accessoire mis en sc\u00e8ne <\/strong>\u00a0<\/h2>\n\n\n\n<p>Depuis plus de trente ans, <strong>Premiere Classe<\/strong> joue les entremetteurs entre cr\u00e9ateurs et acheteurs internationaux. Install\u00e9 au c\u0153ur des Tuileries, le salon est sp\u00e9cialis\u00e9 dans les accessoires, ce d\u00e9tail qui n\u2019en est jamais un.\u00a0<\/p>\n\n\n\n<p>Bijoux, maroquinerie, chaussures, foulards, lunettes, chapellerie : ici, tout ce qui peut transformer une silhouette est scrut\u00e9, manipul\u00e9 et photographi\u00e9.&nbsp;&nbsp;<\/p>\n\n\n\n<p>Avec <strong>270 marques<\/strong> internationales, Premiere Classe reste l\u2019un des rendez-vous majeurs d\u00e9di\u00e9s aux <strong>accessoires<\/strong> de mode. Mais cette \u00e9dition, comme les pr\u00e9c\u00e9dentes, ne se contente pas d\u2019aligner les stands, elle transforme l\u2019espace en parcours sensoriel.\u00a0<\/p>\n\n\n\n<p>La <strong>sc\u00e9nographie<\/strong> imagin\u00e9e par Le <strong>Studio Costa-Molinos<\/strong>, repose sur un \u00e9l\u00e9ment central : la <strong>lumi\u00e8re.<\/strong> Loin d\u2019un \u00e9clairage uniforme, l\u2019ambiance promet un cr\u00e9puscule permanent. Halos diffus, contrastes doux, nuances chaudes. Cette approche ralentit volontairement la visite. On observe, on s\u2019approche, on touche. L&rsquo; exp\u00e9rience devient alors presque mus\u00e9ale.<\/p>\n\n\n\n<figure class=\"wp-block-image size-large\"><img loading=\"lazy\" decoding=\"async\" width=\"1024\" height=\"272\" src=\"https:\/\/www.pagesmode.com\/actu\/wp-content\/uploads\/2026\/02\/Capture-decran-2026-02-25-a-11.29.59-1-1024x272.png\" alt=\"\" class=\"wp-image-562\" srcset=\"https:\/\/www.pagesmode.com\/actu\/wp-content\/uploads\/2026\/02\/Capture-decran-2026-02-25-a-11.29.59-1-1024x272.png 1024w, https:\/\/www.pagesmode.com\/actu\/wp-content\/uploads\/2026\/02\/Capture-decran-2026-02-25-a-11.29.59-1-300x80.png 300w, https:\/\/www.pagesmode.com\/actu\/wp-content\/uploads\/2026\/02\/Capture-decran-2026-02-25-a-11.29.59-1-768x204.png 768w, https:\/\/www.pagesmode.com\/actu\/wp-content\/uploads\/2026\/02\/Capture-decran-2026-02-25-a-11.29.59-1-1536x408.png 1536w, https:\/\/www.pagesmode.com\/actu\/wp-content\/uploads\/2026\/02\/Capture-decran-2026-02-25-a-11.29.59-1.png 1994w\" sizes=\"auto, (max-width: 1024px) 100vw, 1024px\" \/><figcaption class=\"wp-element-caption\">\u00a9WSN<\/figcaption><\/figure>\n\n\n\n<h3 class=\"wp-block-heading has-large-font-size\"><strong>\u201c<\/strong><strong><em>The Selection<\/em><\/strong><strong>\u201d la porte d\u2019entr\u00e9e curatoriale <\/strong>&nbsp;<\/h3>\n\n\n\n<p>Avant d\u2019acc\u00e9der \u00e0 l\u2019espace exposants, les visiteurs passeront par <strong>\u201cThe Selection\u201d<\/strong>, un lieu d\u2019introduction pens\u00e9 comme une <strong>exposition<\/strong>.<\/p>\n\n\n\n<p><strong>Marylin Fitoussi<\/strong> a eu carte blanche. Costumi\u00e8re reconnue pour son travail sur la s\u00e9rie \u00ab\u202f<em><strong>Emily in Paris\u202f\u00bb<\/strong><\/em>, elle pr\u00e9sente une s\u00e9lection qui m\u00eale pi\u00e8ces embl\u00e9matiques, objets singuliers et cr\u00e9ations contemporaines, \u00e9tablissant un dialogue subtil entre h\u00e9ritage et modernit\u00e9.&nbsp;&nbsp;&nbsp;<\/p>\n\n\n\n<p>Cette zone joue un r\u00f4le strat\u00e9gique : elle donne une grille de lecture esth\u00e9tique du salon. Ce sera une mise en perspective de ce qui d\u00e9finit la mode aujourd\u2019hui.&nbsp;&nbsp;<\/p>\n\n\n\n<h4 class=\"wp-block-heading has-large-font-size\"><strong>Jeune cr\u00e9ation <\/strong>&nbsp;<\/h4>\n\n\n\n<p>L\u2019\u00e9dition 2026 accorde une place importante aux <strong>talents \u00e9mergents<\/strong> et aux structures qui soutiennent leur d\u00e9veloppement.&nbsp;&nbsp;<\/p>\n\n\n\n<p><strong>Le festival de mode de<\/strong> <strong>Hy\u00e8res<\/strong> sera \u00e9galement pr\u00e9sent, offrant l\u2019occasion de d\u00e9couvrir les laur\u00e9ats de sa 40\u1d49 \u00e9dition. Accompagn\u00e9 par l\u2019incubateur de jeunes entrepreneurs et les maisons historiques, <em><strong>Au-del\u00e0 du Cuir<\/strong><\/em><strong> (ADC)<\/strong>, cet \u00e9v\u00e9nement illustre le r\u00f4le du salon comme v\u00e9ritable plateforme de lancement vers le march\u00e9 international.&nbsp;&nbsp;<\/p>\n\n\n\n<p>\ud83d\udc49<em> Retrouvez-les d\u00e8s l\u2019entr\u00e9e sous la tente Louvre et Tuileries <\/em>&nbsp;<\/p>\n\n\n\n<p>Plus loin, l\u2019espace <strong>Brut Icon<\/strong> agit comme un laboratoire de la jeune cr\u00e9ation. Les marques \u00e9mergentes et les projets conceptuels occupent le devant de la sc\u00e8ne. Une s\u00e9lection de marques et signatures montantes du milieu sera pr\u00e9sent\u00e9e.&nbsp;&nbsp;<br>&nbsp;&nbsp;<\/p>\n\n\n\n<h3 class=\"wp-block-heading has-large-font-size\"><strong>\u00ab\u202fLe Book\u202f\u00bb, le salon prend le temps de r\u00e9fl\u00e9chir <\/strong>&nbsp;<\/h3>\n\n\n\n<p>Parce que montrer ne suffit pas, l\u2019\u00e9dition 2026 int\u00e8gre un programme de conf\u00e9rences organis\u00e9 par \u00ab Le Book \u00bb, une r\u00e9f\u00e9rence du milieu cr\u00e9atif depuis 1982.&nbsp;<\/p>\n\n\n\n<p>Cet espace rassemblera discussions et prises de parole autour des enjeux actuels de la mode et du design. Professionnels, cr\u00e9ateurs et experts y \u00e9changeront sur les mutations du secteur, offrant une dimension plus analytique de l\u2019\u00e9v\u00e9nement.&nbsp;<\/p>\n\n\n\n<p>Chaque jour trois conf\u00e9rences auront lieu. L\u2019 occasion d\u2019en savoir plus sur la relation entre la mode et la musique, le sport, mais \u00e9galement d\u2019\u00e9voquer les \u00e9volutions du milieu.&nbsp;&nbsp;&nbsp;<\/p>\n\n\n\n<h2 class=\"wp-block-heading has-large-font-size\"><strong>Un Showroom sign\u00e9 RUN x ANDAM<\/strong><\/h2>\n\n\n\n<p><strong>Run,<\/strong> lanc\u00e9 en 2024 par le groupe <strong>WSN<\/strong>, propose une plateforme d\u2019organisation de d\u00e9fil\u00e9s, showrooms commerciaux et aftershows. Cette m\u00eame ann\u00e9e, Run s\u2019associe avec L\u2019<strong>ANDAM <\/strong>(Association Nationale pour le D\u00e9veloppement des Arts de la Mode) pour cr\u00e9er un <strong>showroom<\/strong> <strong>multimarques<\/strong> pour les cr\u00e9ateurs \u00e9mergents.&nbsp;<\/p>\n\n\n\n<p>Du 6-9 mars, le showroom prendra place aux c\u00f4t\u00e9s de ces deux salons professionnels. Fid\u00e8le \u00e0 son r\u00f4le pour cette <strong>4e \u00e9dition<\/strong>, le showroom pr\u00e9sentera plus d\u2019une dizaine de marques de pr\u00eat-\u00e0-porter et d\u2019accessoires.&nbsp;&nbsp;<\/p>\n\n\n\n<figure class=\"wp-block-image size-full\"><img loading=\"lazy\" decoding=\"async\" width=\"800\" height=\"1000\" src=\"https:\/\/www.pagesmode.com\/actu\/wp-content\/uploads\/2026\/02\/RUN_MARS26_NL_PARIS.gif\" alt=\"\" class=\"wp-image-569\"\/><\/figure>\n\n\n\n<h2 class=\"wp-block-heading has-large-font-size\"><strong>Matter and Shape : un salon d\u00e9di\u00e9 au design contemporain <\/strong>&nbsp;<\/h2>\n\n\n\n<p>En sortant de Premiere Classe, le regard change \u00ab d\u2019\u00e9chelle \u00bb. Avec <strong>Matter and Shape,<\/strong> on passe de l\u2019objet port\u00e9 \u00e0 l\u2019objet v\u00e9cu.\u00a0<\/p>\n\n\n\n<p>Lanc\u00e9 r\u00e9cemment, ce salon d\u00e9di\u00e9 au design contemporain explore mobilier, objets et architecture d\u2019int\u00e9rieur. Sa proximit\u00e9 imm\u00e9diate avec Premi\u00e8re Classe n\u2019est pas anodine, c\u2019est le prolongement de la r\u00e9flexion sur le lifestyle.&nbsp;<\/p>\n\n\n\n<p>La <strong>sc\u00e9nographie <\/strong>y adopte une logique diff\u00e9rente. C\u2019est <strong>JA Project<\/strong> qui la signe, avec le th\u00e8me \u201c<strong>Scale<\/strong>\u201d\u202f: un v\u00e9ritable jeu de proportions s\u2019installe.&nbsp;<\/p>\n\n\n\n<p>L\u00e0 o\u00f9 Premiere Classe met en valeur des pi\u00e8ces individuelles. Matter and Shape construit des environnements.\u00a0<\/p>\n\n\n\n<figure class=\"wp-block-image size-large\"><img loading=\"lazy\" decoding=\"async\" width=\"1024\" height=\"687\" src=\"https:\/\/www.pagesmode.com\/actu\/wp-content\/uploads\/2026\/02\/MS26_\u00a9-Matthieu-Lavanchy_5-1024x687.jpg\" alt=\"\" class=\"wp-image-567\" srcset=\"https:\/\/www.pagesmode.com\/actu\/wp-content\/uploads\/2026\/02\/MS26_\u00a9-Matthieu-Lavanchy_5-1024x687.jpg 1024w, https:\/\/www.pagesmode.com\/actu\/wp-content\/uploads\/2026\/02\/MS26_\u00a9-Matthieu-Lavanchy_5-300x201.jpg 300w, https:\/\/www.pagesmode.com\/actu\/wp-content\/uploads\/2026\/02\/MS26_\u00a9-Matthieu-Lavanchy_5-768x515.jpg 768w, https:\/\/www.pagesmode.com\/actu\/wp-content\/uploads\/2026\/02\/MS26_\u00a9-Matthieu-Lavanchy_5-1536x1031.jpg 1536w, https:\/\/www.pagesmode.com\/actu\/wp-content\/uploads\/2026\/02\/MS26_\u00a9-Matthieu-Lavanchy_5-2048x1374.jpg 2048w\" sizes=\"auto, (max-width: 1024px) 100vw, 1024px\" \/><figcaption class=\"wp-element-caption\">\u00a9Matthieu Lavanchy, WSN <\/figcaption><\/figure>\n\n\n\n<h2 class=\"wp-block-heading has-large-font-size\"><strong>Les Tuileries, base strat\u00e9gique <\/strong>&nbsp;<\/h2>\n\n\n\n<p>Situ\u00e9 entre le Mus\u00e9e du Louvre et la Place de la Concorde, le Jardin des Tuileries b\u00e9n\u00e9ficie d\u2019une <strong>centralit\u00e9 id\u00e9ale<\/strong>. \u00c0 la fois accessible et hautement visible, le site s\u2019inscrit pleinement dans le dispositif parisien et prolonge naturellement l\u2019effervescence de la Fashion Week.&nbsp;<\/p>\n\n\n\n<p>Les structures temporaires des deux salons professionnels y d\u00e9ploient un espace d\u2019exposition g\u00e9n\u00e9reux, sans jamais s\u2019\u00e9loigner du c\u0153ur de la capitale.&nbsp;<\/p>\n\n\n\n<p>Au final, <strong>l\u2019\u00e9dition 2026<\/strong> de Premiere Classe et Matter and Shape d\u00e9passe la simple juxtaposition d\u2019exposants. Elle propose un parcours pens\u00e9 dans les moindres d\u00e9tails.\u00a0<\/p>\n\n\n\n<p>Une organisation millim\u00e9tr\u00e9e au service d\u2019un objectif clair : montrer, connecter, projeter la <strong>cr\u00e9ation <\/strong>actuelle sur le devant de la sc\u00e8ne.&nbsp;&nbsp;&nbsp;<\/p>\n\n\n\n<p>Nina Silva l <a href=\"https:\/\/www.pagesmode.com\">PagesMode<\/a> <\/p>\n\n\n\n<p><\/p>\n","protected":false},"excerpt":{"rendered":"<p>Alors que les podiums \u00e9lectrisent Paris, un autre rendez-vous fait vibrer le Jardin des Tuileries. Le temps de la Fashion Week, deux salons professionnels, (Premiere Classe et Matter and Shape) unissent leurs forces et transforment le lieu en v\u00e9ritable laboratoire d\u2019id\u00e9es.&nbsp;&nbsp; Du 6 au 9 mars 2026, entre deux d\u00e9fil\u00e9s, acheteurs, journalistes et d\u00e9nicheurs de [&hellip;]<\/p>\n","protected":false},"author":2,"featured_media":609,"comment_status":"open","ping_status":"open","sticky":false,"template":"","format":"standard","meta":{"_jetpack_memberships_contains_paid_content":false,"footnotes":""},"categories":[14,13],"tags":[],"class_list":["post-546","post","type-post","status-publish","format-standard","has-post-thumbnail","hentry","category-a-la-une","category-evenements"],"yoast_head":"<!-- This site is optimized with the Yoast SEO plugin v24.0 - https:\/\/yoast.com\/wordpress\/plugins\/seo\/ -->\n<title>Premiere Classe x Matter and Shape : l\u2019alliance cr\u00e9ative - Blog PagesMode<\/title>\n<meta name=\"description\" content=\"Aux Tuileries, deux salons professionnels majeurs : Premi\u00e8re Classe et Matter and Shape, entre accessoires de mode et design contemporain.\" \/>\n<meta name=\"robots\" content=\"index, follow, max-snippet:-1, max-image-preview:large, max-video-preview:-1\" \/>\n<link rel=\"canonical\" href=\"https:\/\/www.pagesmode.com\/actu\/premiere-classe-matter-and-shape-la-creation-sous-toutes-les-formes\/\" \/>\n<meta property=\"og:locale\" content=\"fr_FR\" \/>\n<meta property=\"og:type\" content=\"article\" \/>\n<meta property=\"og:title\" content=\"Premiere Classe x Matter and Shape : l\u2019alliance cr\u00e9ative - Blog PagesMode\" \/>\n<meta property=\"og:description\" content=\"Aux Tuileries, deux salons professionnels majeurs : Premi\u00e8re Classe et Matter and Shape, entre accessoires de mode et design contemporain.\" \/>\n<meta property=\"og:url\" content=\"https:\/\/www.pagesmode.com\/actu\/premiere-classe-matter-and-shape-la-creation-sous-toutes-les-formes\/\" \/>\n<meta property=\"og:site_name\" content=\"Blog PagesMode\" \/>\n<meta property=\"article:published_time\" content=\"2026-03-04T15:49:52+00:00\" \/>\n<meta property=\"article:modified_time\" content=\"2026-04-24T12:53:02+00:00\" \/>\n<meta property=\"og:image\" content=\"https:\/\/www.pagesmode.com\/actu\/wp-content\/uploads\/2026\/03\/PC-MARS-26-HEADER-HEAVY-1920X1080-scaled.jpg\" \/>\n\t<meta property=\"og:image:width\" content=\"2560\" \/>\n\t<meta property=\"og:image:height\" content=\"1440\" \/>\n\t<meta property=\"og:image:type\" content=\"image\/jpeg\" \/>\n<meta name=\"author\" content=\"Th\u00e9r\u00e8se\" \/>\n<meta name=\"twitter:card\" content=\"summary_large_image\" \/>\n<meta name=\"twitter:label1\" content=\"\u00c9crit par\" \/>\n\t<meta name=\"twitter:data1\" content=\"Th\u00e9r\u00e8se\" \/>\n\t<meta name=\"twitter:label2\" content=\"Dur\u00e9e de lecture estim\u00e9e\" \/>\n\t<meta name=\"twitter:data2\" content=\"6 minutes\" \/>\n<script type=\"application\/ld+json\" class=\"yoast-schema-graph\">{\"@context\":\"https:\/\/schema.org\",\"@graph\":[{\"@type\":\"Article\",\"@id\":\"https:\/\/www.pagesmode.com\/actu\/premiere-classe-matter-and-shape-la-creation-sous-toutes-les-formes\/#article\",\"isPartOf\":{\"@id\":\"https:\/\/www.pagesmode.com\/actu\/premiere-classe-matter-and-shape-la-creation-sous-toutes-les-formes\/\"},\"author\":{\"name\":\"Th\u00e9r\u00e8se\",\"@id\":\"https:\/\/www.pagesmode.com\/actu\/#\/schema\/person\/cc650be0c19b7f8f5c667d0020f00eb0\"},\"headline\":\"Premiere Classe x Matter and Shape : l\u2019alliance cr\u00e9ative\",\"datePublished\":\"2026-03-04T15:49:52+00:00\",\"dateModified\":\"2026-04-24T12:53:02+00:00\",\"mainEntityOfPage\":{\"@id\":\"https:\/\/www.pagesmode.com\/actu\/premiere-classe-matter-and-shape-la-creation-sous-toutes-les-formes\/\"},\"wordCount\":1070,\"commentCount\":0,\"publisher\":{\"@id\":\"https:\/\/www.pagesmode.com\/actu\/#organization\"},\"image\":{\"@id\":\"https:\/\/www.pagesmode.com\/actu\/premiere-classe-matter-and-shape-la-creation-sous-toutes-les-formes\/#primaryimage\"},\"thumbnailUrl\":\"https:\/\/www.pagesmode.com\/actu\/wp-content\/uploads\/2026\/03\/PC-MARS-26-HEADER-HEAVY-1920X1080-scaled.jpg\",\"articleSection\":[\"\u00c0 la une\",\"\u00c9v\u00e9nements\"],\"inLanguage\":\"fr-FR\",\"potentialAction\":[{\"@type\":\"CommentAction\",\"name\":\"Comment\",\"target\":[\"https:\/\/www.pagesmode.com\/actu\/premiere-classe-matter-and-shape-la-creation-sous-toutes-les-formes\/#respond\"]}]},{\"@type\":\"WebPage\",\"@id\":\"https:\/\/www.pagesmode.com\/actu\/premiere-classe-matter-and-shape-la-creation-sous-toutes-les-formes\/\",\"url\":\"https:\/\/www.pagesmode.com\/actu\/premiere-classe-matter-and-shape-la-creation-sous-toutes-les-formes\/\",\"name\":\"Premiere Classe x Matter and Shape : l\u2019alliance cr\u00e9ative - Blog PagesMode\",\"isPartOf\":{\"@id\":\"https:\/\/www.pagesmode.com\/actu\/#website\"},\"primaryImageOfPage\":{\"@id\":\"https:\/\/www.pagesmode.com\/actu\/premiere-classe-matter-and-shape-la-creation-sous-toutes-les-formes\/#primaryimage\"},\"image\":{\"@id\":\"https:\/\/www.pagesmode.com\/actu\/premiere-classe-matter-and-shape-la-creation-sous-toutes-les-formes\/#primaryimage\"},\"thumbnailUrl\":\"https:\/\/www.pagesmode.com\/actu\/wp-content\/uploads\/2026\/03\/PC-MARS-26-HEADER-HEAVY-1920X1080-scaled.jpg\",\"datePublished\":\"2026-03-04T15:49:52+00:00\",\"dateModified\":\"2026-04-24T12:53:02+00:00\",\"description\":\"Aux Tuileries, deux salons professionnels majeurs : Premi\u00e8re Classe et Matter and Shape, entre accessoires de mode et design contemporain.\",\"breadcrumb\":{\"@id\":\"https:\/\/www.pagesmode.com\/actu\/premiere-classe-matter-and-shape-la-creation-sous-toutes-les-formes\/#breadcrumb\"},\"inLanguage\":\"fr-FR\",\"potentialAction\":[{\"@type\":\"ReadAction\",\"target\":[\"https:\/\/www.pagesmode.com\/actu\/premiere-classe-matter-and-shape-la-creation-sous-toutes-les-formes\/\"]}]},{\"@type\":\"ImageObject\",\"inLanguage\":\"fr-FR\",\"@id\":\"https:\/\/www.pagesmode.com\/actu\/premiere-classe-matter-and-shape-la-creation-sous-toutes-les-formes\/#primaryimage\",\"url\":\"https:\/\/www.pagesmode.com\/actu\/wp-content\/uploads\/2026\/03\/PC-MARS-26-HEADER-HEAVY-1920X1080-scaled.jpg\",\"contentUrl\":\"https:\/\/www.pagesmode.com\/actu\/wp-content\/uploads\/2026\/03\/PC-MARS-26-HEADER-HEAVY-1920X1080-scaled.jpg\",\"width\":2560,\"height\":1440,\"caption\":\"WSN-Premiere Classe\"},{\"@type\":\"BreadcrumbList\",\"@id\":\"https:\/\/www.pagesmode.com\/actu\/premiere-classe-matter-and-shape-la-creation-sous-toutes-les-formes\/#breadcrumb\",\"itemListElement\":[{\"@type\":\"ListItem\",\"position\":1,\"name\":\"Accueil\",\"item\":\"https:\/\/www.pagesmode.com\/actu\/\"},{\"@type\":\"ListItem\",\"position\":2,\"name\":\"Premiere Classe x Matter and Shape : l\u2019alliance cr\u00e9ative\"}]},{\"@type\":\"WebSite\",\"@id\":\"https:\/\/www.pagesmode.com\/actu\/#website\",\"url\":\"https:\/\/www.pagesmode.com\/actu\/\",\"name\":\"PagesMode Actu\",\"description\":\"\",\"publisher\":{\"@id\":\"https:\/\/www.pagesmode.com\/actu\/#organization\"},\"potentialAction\":[{\"@type\":\"SearchAction\",\"target\":{\"@type\":\"EntryPoint\",\"urlTemplate\":\"https:\/\/www.pagesmode.com\/actu\/?s={search_term_string}\"},\"query-input\":{\"@type\":\"PropertyValueSpecification\",\"valueRequired\":true,\"valueName\":\"search_term_string\"}}],\"inLanguage\":\"fr-FR\"},{\"@type\":\"Organization\",\"@id\":\"https:\/\/www.pagesmode.com\/actu\/#organization\",\"name\":\"PagesMode Actu\",\"url\":\"https:\/\/www.pagesmode.com\/actu\/\",\"logo\":{\"@type\":\"ImageObject\",\"inLanguage\":\"fr-FR\",\"@id\":\"https:\/\/www.pagesmode.com\/actu\/#\/schema\/logo\/image\/\",\"url\":\"https:\/\/www.pagesmode.com\/actu\/wp-content\/uploads\/2026\/04\/logo-pm-ivoire.png\",\"contentUrl\":\"https:\/\/www.pagesmode.com\/actu\/wp-content\/uploads\/2026\/04\/logo-pm-ivoire.png\",\"width\":2400,\"height\":1500,\"caption\":\"PagesMode Actu\"},\"image\":{\"@id\":\"https:\/\/www.pagesmode.com\/actu\/#\/schema\/logo\/image\/\"},\"sameAs\":[\"https:\/\/www.instagram.com\/pagesmodeofficiel\/\"]},{\"@type\":\"Person\",\"@id\":\"https:\/\/www.pagesmode.com\/actu\/#\/schema\/person\/cc650be0c19b7f8f5c667d0020f00eb0\",\"name\":\"Th\u00e9r\u00e8se\",\"image\":{\"@type\":\"ImageObject\",\"inLanguage\":\"fr-FR\",\"@id\":\"https:\/\/www.pagesmode.com\/actu\/#\/schema\/person\/image\/\",\"url\":\"https:\/\/secure.gravatar.com\/avatar\/4ee38301b735d0c9f7a3d408a27a19d6052a491e440bde3b47f9bfd948ad5598?s=96&d=mm&r=g\",\"contentUrl\":\"https:\/\/secure.gravatar.com\/avatar\/4ee38301b735d0c9f7a3d408a27a19d6052a491e440bde3b47f9bfd948ad5598?s=96&d=mm&r=g\",\"caption\":\"Th\u00e9r\u00e8se\"},\"url\":\"https:\/\/www.pagesmode.com\/actu\/author\/therese\/\"}]}<\/script>\n<!-- \/ Yoast SEO plugin. -->","yoast_head_json":{"title":"Premiere Classe x Matter and Shape : l\u2019alliance cr\u00e9ative - Blog PagesMode","description":"Aux Tuileries, deux salons professionnels majeurs : Premi\u00e8re Classe et Matter and Shape, entre accessoires de mode et design contemporain.","robots":{"index":"index","follow":"follow","max-snippet":"max-snippet:-1","max-image-preview":"max-image-preview:large","max-video-preview":"max-video-preview:-1"},"canonical":"https:\/\/www.pagesmode.com\/actu\/premiere-classe-matter-and-shape-la-creation-sous-toutes-les-formes\/","og_locale":"fr_FR","og_type":"article","og_title":"Premiere Classe x Matter and Shape : l\u2019alliance cr\u00e9ative - Blog PagesMode","og_description":"Aux Tuileries, deux salons professionnels majeurs : Premi\u00e8re Classe et Matter and Shape, entre accessoires de mode et design contemporain.","og_url":"https:\/\/www.pagesmode.com\/actu\/premiere-classe-matter-and-shape-la-creation-sous-toutes-les-formes\/","og_site_name":"Blog PagesMode","article_published_time":"2026-03-04T15:49:52+00:00","article_modified_time":"2026-04-24T12:53:02+00:00","og_image":[{"width":2560,"height":1440,"url":"https:\/\/www.pagesmode.com\/actu\/wp-content\/uploads\/2026\/03\/PC-MARS-26-HEADER-HEAVY-1920X1080-scaled.jpg","type":"image\/jpeg"}],"author":"Th\u00e9r\u00e8se","twitter_card":"summary_large_image","twitter_misc":{"\u00c9crit par":"Th\u00e9r\u00e8se","Dur\u00e9e de lecture estim\u00e9e":"6 minutes"},"schema":{"@context":"https:\/\/schema.org","@graph":[{"@type":"Article","@id":"https:\/\/www.pagesmode.com\/actu\/premiere-classe-matter-and-shape-la-creation-sous-toutes-les-formes\/#article","isPartOf":{"@id":"https:\/\/www.pagesmode.com\/actu\/premiere-classe-matter-and-shape-la-creation-sous-toutes-les-formes\/"},"author":{"name":"Th\u00e9r\u00e8se","@id":"https:\/\/www.pagesmode.com\/actu\/#\/schema\/person\/cc650be0c19b7f8f5c667d0020f00eb0"},"headline":"Premiere Classe x Matter and Shape : l\u2019alliance cr\u00e9ative","datePublished":"2026-03-04T15:49:52+00:00","dateModified":"2026-04-24T12:53:02+00:00","mainEntityOfPage":{"@id":"https:\/\/www.pagesmode.com\/actu\/premiere-classe-matter-and-shape-la-creation-sous-toutes-les-formes\/"},"wordCount":1070,"commentCount":0,"publisher":{"@id":"https:\/\/www.pagesmode.com\/actu\/#organization"},"image":{"@id":"https:\/\/www.pagesmode.com\/actu\/premiere-classe-matter-and-shape-la-creation-sous-toutes-les-formes\/#primaryimage"},"thumbnailUrl":"https:\/\/www.pagesmode.com\/actu\/wp-content\/uploads\/2026\/03\/PC-MARS-26-HEADER-HEAVY-1920X1080-scaled.jpg","articleSection":["\u00c0 la une","\u00c9v\u00e9nements"],"inLanguage":"fr-FR","potentialAction":[{"@type":"CommentAction","name":"Comment","target":["https:\/\/www.pagesmode.com\/actu\/premiere-classe-matter-and-shape-la-creation-sous-toutes-les-formes\/#respond"]}]},{"@type":"WebPage","@id":"https:\/\/www.pagesmode.com\/actu\/premiere-classe-matter-and-shape-la-creation-sous-toutes-les-formes\/","url":"https:\/\/www.pagesmode.com\/actu\/premiere-classe-matter-and-shape-la-creation-sous-toutes-les-formes\/","name":"Premiere Classe x Matter and Shape : l\u2019alliance cr\u00e9ative - Blog PagesMode","isPartOf":{"@id":"https:\/\/www.pagesmode.com\/actu\/#website"},"primaryImageOfPage":{"@id":"https:\/\/www.pagesmode.com\/actu\/premiere-classe-matter-and-shape-la-creation-sous-toutes-les-formes\/#primaryimage"},"image":{"@id":"https:\/\/www.pagesmode.com\/actu\/premiere-classe-matter-and-shape-la-creation-sous-toutes-les-formes\/#primaryimage"},"thumbnailUrl":"https:\/\/www.pagesmode.com\/actu\/wp-content\/uploads\/2026\/03\/PC-MARS-26-HEADER-HEAVY-1920X1080-scaled.jpg","datePublished":"2026-03-04T15:49:52+00:00","dateModified":"2026-04-24T12:53:02+00:00","description":"Aux Tuileries, deux salons professionnels majeurs : Premi\u00e8re Classe et Matter and Shape, entre accessoires de mode et design contemporain.","breadcrumb":{"@id":"https:\/\/www.pagesmode.com\/actu\/premiere-classe-matter-and-shape-la-creation-sous-toutes-les-formes\/#breadcrumb"},"inLanguage":"fr-FR","potentialAction":[{"@type":"ReadAction","target":["https:\/\/www.pagesmode.com\/actu\/premiere-classe-matter-and-shape-la-creation-sous-toutes-les-formes\/"]}]},{"@type":"ImageObject","inLanguage":"fr-FR","@id":"https:\/\/www.pagesmode.com\/actu\/premiere-classe-matter-and-shape-la-creation-sous-toutes-les-formes\/#primaryimage","url":"https:\/\/www.pagesmode.com\/actu\/wp-content\/uploads\/2026\/03\/PC-MARS-26-HEADER-HEAVY-1920X1080-scaled.jpg","contentUrl":"https:\/\/www.pagesmode.com\/actu\/wp-content\/uploads\/2026\/03\/PC-MARS-26-HEADER-HEAVY-1920X1080-scaled.jpg","width":2560,"height":1440,"caption":"WSN-Premiere Classe"},{"@type":"BreadcrumbList","@id":"https:\/\/www.pagesmode.com\/actu\/premiere-classe-matter-and-shape-la-creation-sous-toutes-les-formes\/#breadcrumb","itemListElement":[{"@type":"ListItem","position":1,"name":"Accueil","item":"https:\/\/www.pagesmode.com\/actu\/"},{"@type":"ListItem","position":2,"name":"Premiere Classe x Matter and Shape : l\u2019alliance cr\u00e9ative"}]},{"@type":"WebSite","@id":"https:\/\/www.pagesmode.com\/actu\/#website","url":"https:\/\/www.pagesmode.com\/actu\/","name":"PagesMode Actu","description":"","publisher":{"@id":"https:\/\/www.pagesmode.com\/actu\/#organization"},"potentialAction":[{"@type":"SearchAction","target":{"@type":"EntryPoint","urlTemplate":"https:\/\/www.pagesmode.com\/actu\/?s={search_term_string}"},"query-input":{"@type":"PropertyValueSpecification","valueRequired":true,"valueName":"search_term_string"}}],"inLanguage":"fr-FR"},{"@type":"Organization","@id":"https:\/\/www.pagesmode.com\/actu\/#organization","name":"PagesMode Actu","url":"https:\/\/www.pagesmode.com\/actu\/","logo":{"@type":"ImageObject","inLanguage":"fr-FR","@id":"https:\/\/www.pagesmode.com\/actu\/#\/schema\/logo\/image\/","url":"https:\/\/www.pagesmode.com\/actu\/wp-content\/uploads\/2026\/04\/logo-pm-ivoire.png","contentUrl":"https:\/\/www.pagesmode.com\/actu\/wp-content\/uploads\/2026\/04\/logo-pm-ivoire.png","width":2400,"height":1500,"caption":"PagesMode Actu"},"image":{"@id":"https:\/\/www.pagesmode.com\/actu\/#\/schema\/logo\/image\/"},"sameAs":["https:\/\/www.instagram.com\/pagesmodeofficiel\/"]},{"@type":"Person","@id":"https:\/\/www.pagesmode.com\/actu\/#\/schema\/person\/cc650be0c19b7f8f5c667d0020f00eb0","name":"Th\u00e9r\u00e8se","image":{"@type":"ImageObject","inLanguage":"fr-FR","@id":"https:\/\/www.pagesmode.com\/actu\/#\/schema\/person\/image\/","url":"https:\/\/secure.gravatar.com\/avatar\/4ee38301b735d0c9f7a3d408a27a19d6052a491e440bde3b47f9bfd948ad5598?s=96&d=mm&r=g","contentUrl":"https:\/\/secure.gravatar.com\/avatar\/4ee38301b735d0c9f7a3d408a27a19d6052a491e440bde3b47f9bfd948ad5598?s=96&d=mm&r=g","caption":"Th\u00e9r\u00e8se"},"url":"https:\/\/www.pagesmode.com\/actu\/author\/therese\/"}]}},"jetpack_sharing_enabled":true,"jetpack_featured_media_url":"https:\/\/www.pagesmode.com\/actu\/wp-content\/uploads\/2026\/03\/PC-MARS-26-HEADER-HEAVY-1920X1080-scaled.jpg","jetpack-related-posts":[],"_links":{"self":[{"href":"https:\/\/www.pagesmode.com\/actu\/wp-json\/wp\/v2\/posts\/546","targetHints":{"allow":["GET"]}}],"collection":[{"href":"https:\/\/www.pagesmode.com\/actu\/wp-json\/wp\/v2\/posts"}],"about":[{"href":"https:\/\/www.pagesmode.com\/actu\/wp-json\/wp\/v2\/types\/post"}],"author":[{"embeddable":true,"href":"https:\/\/www.pagesmode.com\/actu\/wp-json\/wp\/v2\/users\/2"}],"replies":[{"embeddable":true,"href":"https:\/\/www.pagesmode.com\/actu\/wp-json\/wp\/v2\/comments?post=546"}],"version-history":[{"count":15,"href":"https:\/\/www.pagesmode.com\/actu\/wp-json\/wp\/v2\/posts\/546\/revisions"}],"predecessor-version":[{"id":608,"href":"https:\/\/www.pagesmode.com\/actu\/wp-json\/wp\/v2\/posts\/546\/revisions\/608"}],"wp:featuredmedia":[{"embeddable":true,"href":"https:\/\/www.pagesmode.com\/actu\/wp-json\/wp\/v2\/media\/609"}],"wp:attachment":[{"href":"https:\/\/www.pagesmode.com\/actu\/wp-json\/wp\/v2\/media?parent=546"}],"wp:term":[{"taxonomy":"category","embeddable":true,"href":"https:\/\/www.pagesmode.com\/actu\/wp-json\/wp\/v2\/categories?post=546"},{"taxonomy":"post_tag","embeddable":true,"href":"https:\/\/www.pagesmode.com\/actu\/wp-json\/wp\/v2\/tags?post=546"}],"curies":[{"name":"wp","href":"https:\/\/api.w.org\/{rel}","templated":true}]}}