{"id":549,"date":"2026-02-26T11:21:44","date_gmt":"2026-02-26T10:21:44","guid":{"rendered":"https:\/\/www.pagesmode.com\/actu\/?p=549"},"modified":"2026-04-24T13:53:10","modified_gmt":"2026-04-24T12:53:10","slug":"actu-pm-5-actus-mode-a-ne-pas-manquer-en-fevrier-2026","status":"publish","type":"post","link":"https:\/\/www.pagesmode.com\/actu\/actu-pm-5-actus-mode-a-ne-pas-manquer-en-fevrier-2026\/","title":{"rendered":"Actu PM : 5 actus mode \u00e0 ne pas manquer en f\u00e9vrier 2026\u00a0\u00a0"},"content":{"rendered":"\n<p>Ce mois-ci, on fait le point sur <strong>5 actus mode<\/strong> qui m\u00e9ritent vraiment votre attention. Tech,&nbsp;retail, fili\u00e8re, Fashion&nbsp;Weeks, climat : f\u00e9vrier 2026 donne le ton pour la suite. On analyse, on synth\u00e9tise, on vous fait gagner du temps.&nbsp;&nbsp;<\/p>\n\n\n\n<h2 class=\"wp-block-heading has-large-font-size\"><strong>Soldes d\u2019hiver : un bilan contrast\u00e9 et des perspectives prudentes&nbsp;&nbsp;<\/strong><\/h2>\n\n\n\n<p>D\u00e9but f\u00e9vrier, les premiers bilans sont tomb\u00e9s. Les <strong>soldes<\/strong> de janvier 2026 ont \u00e9t\u00e9 jug\u00e9es\u00a0d\u00e9cevantes\u00a0par une majorit\u00e9 d\u2019enseignes, avec des baisses de chiffre d\u2019affaires. Le directeur g\u00e9n\u00e9ral de l\u2019<a href=\"https:\/\/alliancecommerce.org\/categories\/actualites\/\">Alliance\u00a0Commerce<\/a>,\u00a0Yohann\u00a0Petiot, a mis en \u00e9vidence un <strong>l\u00e9ger recul<\/strong> de 1,8%. Le<em>\u00a0<\/em>Monde\u00a0\u00e9voquait d\u00e8s la mi-janvier des \u201cd\u00e9buts difficiles\u201d pour ces soldes d\u2019hiver,\u00a0marqu\u00e9es par une fr\u00e9quentation en retrait et une consommation prudente.\u00a0\u00a0<\/p>\n\n\n\n<p>Le contexte est clair : inflation persistante, arbitrages budg\u00e9taires des m\u00e9nages et climat d\u2019incertitude \u00e9conomique. Les promotions massives n\u2019ont pas suffi \u00e0 relancer durablement la dynamique.&nbsp;&nbsp;<\/p>\n\n\n\n<blockquote class=\"wp-block-quote is-layout-flow wp-block-quote-is-layout-flow\">\n<h3 class=\"wp-block-heading has-large-font-size\">Analyse&nbsp;PagesMode&nbsp;&nbsp;<\/h3>\n\n\n\n<p>Ce bilan confirme un changement profond dans le comportement d\u2019achat. Les clients ne se ruent plus sur les remises comme auparavant. Ils arbitrent davantage, comparent et r\u00e9fl\u00e9chissent. Le prix seul ne suffit plus si la proposition n\u2019est pas d\u00e9sirable et coh\u00e9rente. Pour les boutiques multimarques, cela renforce l\u2019importance d\u2019une s\u00e9lection pointue et d\u2019un positionnement clair. Les soldes deviennent un outil d\u2019ajustement, mais ne peuvent plus \u00eatre le moteur principal de trafic. La performance en 2026 se jouera davantage sur la pertinence de l\u2019offre que sur l\u2019ampleur des promotions.&nbsp;&nbsp;<\/p>\n<\/blockquote>\n\n\n\n<h2 class=\"wp-block-heading has-large-font-size\"><strong>Climat : l\u2019inaction pourrait amputer les profits de la mode&nbsp;&nbsp;<\/strong><\/h2>\n\n\n\n<p>Un rapport de l\u2019<strong>Apparel\u00a0Impact Institute<\/strong>, alerte : l\u2019inaction climatique pourrait amputer jusqu\u2019\u00e0 34% des b\u00e9n\u00e9fices du secteur d\u2019ici 2030 et jusqu\u2019\u00e0 67 % des profits mondiaux d\u2019ici 2040 si aucune transition s\u00e9rieuse n\u2019est engag\u00e9e.\u00a0\u00a0<\/p>\n\n\n\n<p>Le rapport met en avant l\u2019impact de la hausse des co\u00fbts \u00e9nerg\u00e9tiques, des mati\u00e8res premi\u00e8res, des perturbations logistiques et des nouvelles r\u00e9glementations climatiques. Le risque n\u2019est plus th\u00e9orique : il est \u00e9conomique et structurel.&nbsp;&nbsp;<\/p>\n\n\n\n<p>\ud83d\udc49&nbsp;Pour lire <a href=\"https:\/\/apparelimpact.org\/wp-content\/uploads\/2026\/02\/COI-Report.pdf\">le rapport<\/a>&nbsp;&nbsp;<\/p>\n\n\n\n<blockquote class=\"wp-block-quote is-layout-flow wp-block-quote-is-layout-flow\">\n<h3 class=\"wp-block-heading has-large-font-size\">Analyse&nbsp;PagesMode&nbsp;<\/h3>\n\n\n\n<p>Ce chiffre\u00a0envoie surtout un message clair au secteur. Les <strong>enjeux climatiques<\/strong> s\u2019inscrivent d\u00e9sormais au c\u0153ur des mod\u00e8les \u00e9conomiques. Miser sur des marques engag\u00e9es, mettre en avant la tra\u00e7abilit\u00e9 ou anticiper\u00a0les prochaines \u00e9volutions du secteur peut devenir un v\u00e9ritable avantage concurrentiel.\u00a0La transition \u00e9cologique peut peser dans la balance.\u00a0\u00a0<\/p>\n<\/blockquote>\n\n\n\n<h2 class=\"wp-block-heading has-large-font-size\"><strong>L\u2019IA bouscule le&nbsp;retail&nbsp;<\/strong>&nbsp;<\/h2>\n\n\n\n<p>\u00c0 l\u2019occasion de <strong>Tech For\u00a0Retail<\/strong>, un barom\u00e8tre a interrog\u00e9 les professionnels sur l\u2019intelligence artificielle, la data et les innovations technologiques. Deux\u00a0retailers\u00a0sur trois estiment que l\u2019<strong>IA<\/strong> pourrait automatiser entre 20% et 50% des t\u00e2ches. Pilotage omnicanal, optimisation op\u00e9rationnelle, analyse pr\u00e9dictive des ventes, relation client personnalis\u00e9e\u2026 Les projets se multiplient et traduisent une adoption progressive mais strat\u00e9gique.\u00a0\u00a0<\/p>\n\n\n\n<p>Cette dynamique s\u2019inscrit dans un contexte plus large : l\u2019IA est d\u00e9sormais per\u00e7ue comme un levier de performance, pas seulement comme un outil exp\u00e9rimental. Les acteurs du&nbsp;retail \u00e9voquent&nbsp;notamment l\u2019automatisation des&nbsp;reportings, l\u2019optimisation des stocks et l\u2019am\u00e9lioration de la connaissance client via la data.&nbsp;&nbsp;<\/p>\n\n\n\n<blockquote class=\"wp-block-quote is-layout-flow wp-block-quote-is-layout-flow\">\n<h3 class=\"wp-block-heading has-large-font-size\">Analyse&nbsp;PagesMode&nbsp;&nbsp;<\/h3>\n\n\n\n<p>L\u2019IA n\u2019est plus un sujet r\u00e9serv\u00e9 aux grandes enseignes ou aux pure&nbsp;players. Elle entre progressivement dans les outils du quotidien. Pour les ind\u00e9pendants, l\u2019enjeu n\u2019est pas d\u2019automatiser \u00e0 tout prix, mais de comprendre o\u00f9 ces technologies peuvent r\u00e9ellement faire gagner en pr\u00e9cision et en temps. Dans un contexte o\u00f9 chaque marge compte, mieux piloter ses donn\u00e9es devient un avantage concurrentiel. L\u2019intelligence artificielle ne remplace pas l\u2019intuition commer\u00e7ante, elle la renforce. Elle peut surtout lib\u00e9rer&nbsp;du temps pour ce qui fait la diff\u00e9rence en boutique : le conseil, la s\u00e9lection, l\u2019exp\u00e9rience humaine.&nbsp;&nbsp;<\/p>\n<\/blockquote>\n\n\n\n<h2 class=\"wp-block-heading has-large-font-size\"><strong>La fili\u00e8re mode &amp; luxe pr\u00e9pare 2026&nbsp;&nbsp;<\/strong><\/h2>\n\n\n\n<p>Lors du salon <strong>Premi\u00e8re Vision<\/strong>, du 3 au 5 f\u00e9vrier, le <strong>Comit\u00e9 strat\u00e9gique de fili\u00e8re Mode &amp; Luxe<\/strong> s\u2019est r\u00e9uni pour d\u00e9finir les <strong>priorit\u00e9s<\/strong> de l\u2019ann\u00e9e \u00e0 venir. Comme le rapporte&nbsp;<em>FashionNetwork<\/em>, la fili\u00e8re fait face \u00e0 une ann\u00e9e \u201c<strong>riche en d\u00e9fis<\/strong>\u201d : comp\u00e9titivit\u00e9 internationale, pression r\u00e9glementaire, transition environnementale, \u00e9volution des comportements de consommation.&nbsp;&nbsp;<\/p>\n\n\n\n<p>Le secteur doit composer avec un march\u00e9 int\u00e9rieur sous tension et une concurrence mondiale accrue, tout en poursuivant ses efforts d\u2019innovation et de relocalisation partielle.&nbsp;&nbsp;<\/p>\n\n\n\n<blockquote class=\"wp-block-quote is-layout-flow wp-block-quote-is-layout-flow\">\n<h3 class=\"wp-block-heading has-large-font-size\">Analyse&nbsp;PagesMode&nbsp;&nbsp;<\/h3>\n\n\n\n<p>Quand la fili\u00e8re se structure, cela a toujours des r\u00e9percussions concr\u00e8tes sur le terrain. Derri\u00e8re ces \u00e9changes institutionnels, il y a des enjeux tr\u00e8s op\u00e9rationnels : soutien aux marques fran\u00e7aises, innovation textile, meilleure tra\u00e7abilit\u00e9. Pour les commerces ind\u00e9pendants, cela peut se traduire par une offre plus solide et des partenaires mieux accompagn\u00e9s. La dynamique collective montre que la mode fran\u00e7aise cherche \u00e0 anticiper plut\u00f4t qu\u2019\u00e0 subir. C\u2019est un signal de <strong>stabilit\u00e9<\/strong> dans un environnement mouvant.&nbsp;&nbsp;<\/p>\n<\/blockquote>\n\n\n\n<h2 class=\"wp-block-heading has-large-font-size\"><strong>Fashion&nbsp;Weeks&nbsp;: cr\u00e9ativit\u00e9, diversit\u00e9 et nouvelles directions&nbsp;&nbsp;<\/strong><\/h2>\n\n\n\n<p>Les <strong>Fashion&nbsp;Weeks<\/strong>&nbsp;de f\u00e9vrier ont confirm\u00e9 une chose : les maisons ne cherchent plus \u00e0 plaire \u00e0 tout le monde. Elles affirment.<\/p>\n\n\n\n<p>Chez&nbsp;<strong>Schiaparelli<\/strong>, la couture a encore frapp\u00e9 fort avec des silhouettes ultra-sculpturales. Une couture spectaculaire, pens\u00e9e comme une \u0153uvre.&nbsp;<\/p>\n\n\n\n<figure class=\"wp-block-image size-large\"><img loading=\"lazy\" decoding=\"async\" width=\"1024\" height=\"607\" src=\"https:\/\/www.pagesmode.com\/actu\/wp-content\/uploads\/2026\/02\/schiaparelli-tagwalk-1024x607.png\" alt=\"Actu Mode : Schiaparelli-HC-Spring\/Summer-2026\" class=\"wp-image-584\" srcset=\"https:\/\/www.pagesmode.com\/actu\/wp-content\/uploads\/2026\/02\/schiaparelli-tagwalk-1024x607.png 1024w, https:\/\/www.pagesmode.com\/actu\/wp-content\/uploads\/2026\/02\/schiaparelli-tagwalk-300x178.png 300w, https:\/\/www.pagesmode.com\/actu\/wp-content\/uploads\/2026\/02\/schiaparelli-tagwalk-768x455.png 768w, https:\/\/www.pagesmode.com\/actu\/wp-content\/uploads\/2026\/02\/schiaparelli-tagwalk-1536x910.png 1536w, https:\/\/www.pagesmode.com\/actu\/wp-content\/uploads\/2026\/02\/schiaparelli-tagwalk.png 1772w\" sizes=\"auto, (max-width: 1024px) 100vw, 1024px\" \/><figcaption class=\"wp-element-caption\">Tagwalk : Schiaparelli-HC-Spring\/Summer-2026<\/figcaption><\/figure>\n\n\n\n<div class=\"wp-block-group is-nowrap is-layout-flex wp-container-core-group-is-layout-6c531013 wp-block-group-is-layout-flex\">\n<p><br><\/p>\n<\/div>\n\n\n\n<p>Chez&nbsp;<strong>Dior Haute Couture<\/strong>, le travail sur les volumes et les textures a marqu\u00e9 cette \u00e9dition : robes longues structur\u00e9es, jeux de transparence ma\u00eetris\u00e9s, silhouettes \u00e9lanc\u00e9es presque intemporelles.&nbsp;&nbsp;<\/p>\n\n\n\n<figure class=\"wp-block-image size-large\"><img loading=\"lazy\" decoding=\"async\" width=\"1024\" height=\"607\" src=\"https:\/\/www.pagesmode.com\/actu\/wp-content\/uploads\/2026\/02\/dior-haute-couture-tagwalk-1024x607.png\" alt=\"Actu Mode : Tagwalk : Dior-HC-Spring\/Summer-2026\" class=\"wp-image-586\" srcset=\"https:\/\/www.pagesmode.com\/actu\/wp-content\/uploads\/2026\/02\/dior-haute-couture-tagwalk-1024x607.png 1024w, https:\/\/www.pagesmode.com\/actu\/wp-content\/uploads\/2026\/02\/dior-haute-couture-tagwalk-300x178.png 300w, https:\/\/www.pagesmode.com\/actu\/wp-content\/uploads\/2026\/02\/dior-haute-couture-tagwalk-768x455.png 768w, https:\/\/www.pagesmode.com\/actu\/wp-content\/uploads\/2026\/02\/dior-haute-couture-tagwalk-1536x910.png 1536w, https:\/\/www.pagesmode.com\/actu\/wp-content\/uploads\/2026\/02\/dior-haute-couture-tagwalk.png 1772w\" sizes=\"auto, (max-width: 1024px) 100vw, 1024px\" \/><figcaption class=\"wp-element-caption\">Tagwalk : Dior-HC-Spring\/Summer-2026<\/figcaption><\/figure>\n\n\n\n<h3 class=\"wp-block-heading has-large-font-size\"><strong>Pi\u00e8ces&nbsp;statement&nbsp;:<\/strong>&nbsp;<\/h3>\n\n\n\n<p>Cette saison, certaines pi\u00e8ces s\u2019imposent comme incontournables et seront bient\u00f4t visibles en boutiques :&nbsp;<\/p>\n\n\n\n<ul class=\"wp-block-list\">\n<li>manteaux longs et structur\u00e9s&nbsp;<\/li>\n\n\n\n<li>vestes \u00e9paul\u00e9es&nbsp;<\/li>\n\n\n\n<li>mati\u00e8res brillantes ou m\u00e9talliques&nbsp;<\/li>\n\n\n\n<li>silhouettes monochromes puissantes<\/li>\n\n\n\n<li>tailleurs noirs impeccables et minimalistes sign\u00e9s&nbsp;<strong>Saint Laurent<\/strong><\/li>\n<\/ul>\n\n\n\n<figure class=\"wp-block-image size-large\"><img loading=\"lazy\" decoding=\"async\" width=\"1024\" height=\"607\" src=\"https:\/\/www.pagesmode.com\/actu\/wp-content\/uploads\/2026\/02\/saint-laurent-tagwalk-1024x607.png\" alt=\"Actu mode : Tagwalk : Saint Laurent-Womenswear-Spring\/Summer-2026\" class=\"wp-image-587\" srcset=\"https:\/\/www.pagesmode.com\/actu\/wp-content\/uploads\/2026\/02\/saint-laurent-tagwalk-1024x607.png 1024w, https:\/\/www.pagesmode.com\/actu\/wp-content\/uploads\/2026\/02\/saint-laurent-tagwalk-300x178.png 300w, https:\/\/www.pagesmode.com\/actu\/wp-content\/uploads\/2026\/02\/saint-laurent-tagwalk-768x455.png 768w, https:\/\/www.pagesmode.com\/actu\/wp-content\/uploads\/2026\/02\/saint-laurent-tagwalk-1536x910.png 1536w, https:\/\/www.pagesmode.com\/actu\/wp-content\/uploads\/2026\/02\/saint-laurent-tagwalk.png 1772w\" sizes=\"auto, (max-width: 1024px) 100vw, 1024px\" \/><figcaption class=\"wp-element-caption\">Tagwalk : Saint Laurent-Womenswear-Spring\/Summer-2026<\/figcaption><\/figure>\n\n\n\n<p>Ces pi\u00e8ces r\u00e9pondent \u00e0 une demande concr\u00e8te : celle de clientes en qu\u00eate de nouveaut\u00e9s d\u00e9sirables, faciles \u00e0 adopter mais qui gardent une force et une identit\u00e9 marqu\u00e9es.\u00a0<\/p>\n\n\n\n<blockquote class=\"wp-block-quote is-layout-flow wp-block-quote-is-layout-flow\">\n<h3 class=\"wp-block-heading has-large-font-size\">Analyse&nbsp;PagesMode&nbsp;&nbsp;<\/h3>\n\n\n\n<p>Les Fashion&nbsp;Weeks&nbsp;ne sont pas seulement spectaculaires, elles influencent l\u2019imaginaire des clientes. M\u00eame dans&nbsp;une boutique&nbsp;multimarques&nbsp;en r\u00e9gion, les silhouettes vues sur les d\u00e9fil\u00e9s fa\u00e7onnent les attentes. Couleurs, volumes, attitudes : tout infuse progressivement le march\u00e9. Anticiper ces directions permet d\u2019ajuster ses vitrines, son storytelling et ses contenus digitaux. La d\u00e9sirabilit\u00e9 commence toujours quelque part, et souvent sur un podium.&nbsp;&nbsp;<\/p>\n<\/blockquote>\n\n\n\n<p class=\"has-medium-font-size\"><strong>En r\u00e9sum\u00e9<\/strong>&nbsp;&nbsp;<\/p>\n\n\n\n<p>F\u00e9vrier 2026 parle de <strong>transformation<\/strong>.&nbsp;&nbsp;<br>Transformation technologique avec l\u2019IA, transformation commerciale avec des soldes prudentes, transformation strat\u00e9gique avec la structuration de la fili\u00e8re, transformation cr\u00e9ative sur les podiums et transformation \u00e9conomique avec l\u2019enjeu climatique.&nbsp;&nbsp;<\/p>\n\n\n\n<p>Le&nbsp;retail&nbsp;mode se r\u00e9organise.&nbsp;&nbsp;<\/p>\n\n\n\n<p>Vous avez rep\u00e9r\u00e9 d\u2019autres actus qui vous ont marqu\u00e9 ? Dites-nous tout en commentaire.&nbsp;&nbsp;<\/p>\n\n\n\n<p>&#8211; Nina Silva l <a href=\"https:\/\/www.pagesmode.com\">PagesMode<\/a><\/p>\n\n\n\n<p><\/p>\n","protected":false},"excerpt":{"rendered":"<p>Ce mois-ci, on fait le point sur 5 actus mode qui m\u00e9ritent vraiment votre attention. Tech,&nbsp;retail, fili\u00e8re, Fashion&nbsp;Weeks, climat : f\u00e9vrier 2026 donne le ton pour la suite. On analyse, on synth\u00e9tise, on vous fait gagner du temps.&nbsp;&nbsp; Soldes d\u2019hiver : un bilan contrast\u00e9 et des perspectives prudentes&nbsp;&nbsp; D\u00e9but f\u00e9vrier, les premiers bilans sont tomb\u00e9s. [&hellip;]<\/p>\n","protected":false},"author":2,"featured_media":581,"comment_status":"open","ping_status":"open","sticky":false,"template":"","format":"standard","meta":{"_jetpack_memberships_contains_paid_content":false,"footnotes":""},"categories":[14],"tags":[],"class_list":["post-549","post","type-post","status-publish","format-standard","has-post-thumbnail","hentry","category-a-la-une"],"yoast_head":"<!-- This site is optimized with the Yoast SEO plugin v24.0 - https:\/\/yoast.com\/wordpress\/plugins\/seo\/ -->\n<title>Actu PM : 5 actus mode \u00e0 ne pas manquer en f\u00e9vrier 2026\u00a0\u00a0 - Blog PagesMode<\/title>\n<meta name=\"description\" content=\"F\u00e9vrier 2026 : soldes d\u00e9cevantes, IA retail, enjeux climatiques et tendances 5 actus mode d\u00e9crypt\u00e9es avec l\u2019analyse PagesMode.\" \/>\n<meta name=\"robots\" content=\"index, follow, max-snippet:-1, max-image-preview:large, max-video-preview:-1\" \/>\n<link rel=\"canonical\" href=\"https:\/\/www.pagesmode.com\/actu\/actu-pm-5-actus-mode-a-ne-pas-manquer-en-fevrier-2026\/\" \/>\n<meta property=\"og:locale\" content=\"fr_FR\" \/>\n<meta property=\"og:type\" content=\"article\" \/>\n<meta property=\"og:title\" content=\"Actu PM : 5 actus mode \u00e0 ne pas manquer en f\u00e9vrier 2026\u00a0\u00a0 - Blog PagesMode\" \/>\n<meta property=\"og:description\" content=\"F\u00e9vrier 2026 : soldes d\u00e9cevantes, IA retail, enjeux climatiques et tendances 5 actus mode d\u00e9crypt\u00e9es avec l\u2019analyse PagesMode.\" \/>\n<meta property=\"og:url\" content=\"https:\/\/www.pagesmode.com\/actu\/actu-pm-5-actus-mode-a-ne-pas-manquer-en-fevrier-2026\/\" \/>\n<meta property=\"og:site_name\" content=\"Blog PagesMode\" \/>\n<meta property=\"article:published_time\" content=\"2026-02-26T10:21:44+00:00\" \/>\n<meta property=\"article:modified_time\" content=\"2026-04-24T12:53:10+00:00\" \/>\n<meta property=\"og:image\" content=\"https:\/\/www.pagesmode.com\/actu\/wp-content\/uploads\/2026\/02\/actu-mode-pm-fevrier.png\" \/>\n\t<meta property=\"og:image:width\" content=\"1772\" \/>\n\t<meta property=\"og:image:height\" content=\"1050\" \/>\n\t<meta property=\"og:image:type\" content=\"image\/png\" \/>\n<meta name=\"author\" content=\"Th\u00e9r\u00e8se\" \/>\n<meta name=\"twitter:card\" content=\"summary_large_image\" \/>\n<meta name=\"twitter:label1\" content=\"\u00c9crit par\" \/>\n\t<meta name=\"twitter:data1\" content=\"Th\u00e9r\u00e8se\" \/>\n\t<meta name=\"twitter:label2\" content=\"Dur\u00e9e de lecture estim\u00e9e\" \/>\n\t<meta name=\"twitter:data2\" content=\"4 minutes\" \/>\n<script type=\"application\/ld+json\" class=\"yoast-schema-graph\">{\"@context\":\"https:\/\/schema.org\",\"@graph\":[{\"@type\":\"Article\",\"@id\":\"https:\/\/www.pagesmode.com\/actu\/actu-pm-5-actus-mode-a-ne-pas-manquer-en-fevrier-2026\/#article\",\"isPartOf\":{\"@id\":\"https:\/\/www.pagesmode.com\/actu\/actu-pm-5-actus-mode-a-ne-pas-manquer-en-fevrier-2026\/\"},\"author\":{\"name\":\"Th\u00e9r\u00e8se\",\"@id\":\"https:\/\/www.pagesmode.com\/actu\/#\/schema\/person\/cc650be0c19b7f8f5c667d0020f00eb0\"},\"headline\":\"Actu PM : 5 actus mode \u00e0 ne pas manquer en f\u00e9vrier 2026\u00a0\u00a0\",\"datePublished\":\"2026-02-26T10:21:44+00:00\",\"dateModified\":\"2026-04-24T12:53:10+00:00\",\"mainEntityOfPage\":{\"@id\":\"https:\/\/www.pagesmode.com\/actu\/actu-pm-5-actus-mode-a-ne-pas-manquer-en-fevrier-2026\/\"},\"wordCount\":1238,\"commentCount\":0,\"publisher\":{\"@id\":\"https:\/\/www.pagesmode.com\/actu\/#organization\"},\"image\":{\"@id\":\"https:\/\/www.pagesmode.com\/actu\/actu-pm-5-actus-mode-a-ne-pas-manquer-en-fevrier-2026\/#primaryimage\"},\"thumbnailUrl\":\"https:\/\/www.pagesmode.com\/actu\/wp-content\/uploads\/2026\/02\/actu-mode-pm-fevrier.png\",\"articleSection\":[\"\u00c0 la une\"],\"inLanguage\":\"fr-FR\",\"potentialAction\":[{\"@type\":\"CommentAction\",\"name\":\"Comment\",\"target\":[\"https:\/\/www.pagesmode.com\/actu\/actu-pm-5-actus-mode-a-ne-pas-manquer-en-fevrier-2026\/#respond\"]}]},{\"@type\":\"WebPage\",\"@id\":\"https:\/\/www.pagesmode.com\/actu\/actu-pm-5-actus-mode-a-ne-pas-manquer-en-fevrier-2026\/\",\"url\":\"https:\/\/www.pagesmode.com\/actu\/actu-pm-5-actus-mode-a-ne-pas-manquer-en-fevrier-2026\/\",\"name\":\"Actu PM : 5 actus mode \u00e0 ne pas manquer en f\u00e9vrier 2026\u00a0\u00a0 - Blog PagesMode\",\"isPartOf\":{\"@id\":\"https:\/\/www.pagesmode.com\/actu\/#website\"},\"primaryImageOfPage\":{\"@id\":\"https:\/\/www.pagesmode.com\/actu\/actu-pm-5-actus-mode-a-ne-pas-manquer-en-fevrier-2026\/#primaryimage\"},\"image\":{\"@id\":\"https:\/\/www.pagesmode.com\/actu\/actu-pm-5-actus-mode-a-ne-pas-manquer-en-fevrier-2026\/#primaryimage\"},\"thumbnailUrl\":\"https:\/\/www.pagesmode.com\/actu\/wp-content\/uploads\/2026\/02\/actu-mode-pm-fevrier.png\",\"datePublished\":\"2026-02-26T10:21:44+00:00\",\"dateModified\":\"2026-04-24T12:53:10+00:00\",\"description\":\"F\u00e9vrier 2026 : soldes d\u00e9cevantes, IA retail, enjeux climatiques et tendances 5 actus mode d\u00e9crypt\u00e9es avec l\u2019analyse PagesMode.\",\"breadcrumb\":{\"@id\":\"https:\/\/www.pagesmode.com\/actu\/actu-pm-5-actus-mode-a-ne-pas-manquer-en-fevrier-2026\/#breadcrumb\"},\"inLanguage\":\"fr-FR\",\"potentialAction\":[{\"@type\":\"ReadAction\",\"target\":[\"https:\/\/www.pagesmode.com\/actu\/actu-pm-5-actus-mode-a-ne-pas-manquer-en-fevrier-2026\/\"]}]},{\"@type\":\"ImageObject\",\"inLanguage\":\"fr-FR\",\"@id\":\"https:\/\/www.pagesmode.com\/actu\/actu-pm-5-actus-mode-a-ne-pas-manquer-en-fevrier-2026\/#primaryimage\",\"url\":\"https:\/\/www.pagesmode.com\/actu\/wp-content\/uploads\/2026\/02\/actu-mode-pm-fevrier.png\",\"contentUrl\":\"https:\/\/www.pagesmode.com\/actu\/wp-content\/uploads\/2026\/02\/actu-mode-pm-fevrier.png\",\"width\":1772,\"height\":1050,\"caption\":\"Actu Mode Pm de f\u00e9vrier\"},{\"@type\":\"BreadcrumbList\",\"@id\":\"https:\/\/www.pagesmode.com\/actu\/actu-pm-5-actus-mode-a-ne-pas-manquer-en-fevrier-2026\/#breadcrumb\",\"itemListElement\":[{\"@type\":\"ListItem\",\"position\":1,\"name\":\"Accueil\",\"item\":\"https:\/\/www.pagesmode.com\/actu\/\"},{\"@type\":\"ListItem\",\"position\":2,\"name\":\"Actu PM : 5 actus mode \u00e0 ne pas manquer en f\u00e9vrier 2026\u00a0\u00a0\"}]},{\"@type\":\"WebSite\",\"@id\":\"https:\/\/www.pagesmode.com\/actu\/#website\",\"url\":\"https:\/\/www.pagesmode.com\/actu\/\",\"name\":\"PagesMode Actu\",\"description\":\"\",\"publisher\":{\"@id\":\"https:\/\/www.pagesmode.com\/actu\/#organization\"},\"potentialAction\":[{\"@type\":\"SearchAction\",\"target\":{\"@type\":\"EntryPoint\",\"urlTemplate\":\"https:\/\/www.pagesmode.com\/actu\/?s={search_term_string}\"},\"query-input\":{\"@type\":\"PropertyValueSpecification\",\"valueRequired\":true,\"valueName\":\"search_term_string\"}}],\"inLanguage\":\"fr-FR\"},{\"@type\":\"Organization\",\"@id\":\"https:\/\/www.pagesmode.com\/actu\/#organization\",\"name\":\"PagesMode Actu\",\"url\":\"https:\/\/www.pagesmode.com\/actu\/\",\"logo\":{\"@type\":\"ImageObject\",\"inLanguage\":\"fr-FR\",\"@id\":\"https:\/\/www.pagesmode.com\/actu\/#\/schema\/logo\/image\/\",\"url\":\"https:\/\/www.pagesmode.com\/actu\/wp-content\/uploads\/2026\/04\/logo-pm-ivoire.png\",\"contentUrl\":\"https:\/\/www.pagesmode.com\/actu\/wp-content\/uploads\/2026\/04\/logo-pm-ivoire.png\",\"width\":2400,\"height\":1500,\"caption\":\"PagesMode Actu\"},\"image\":{\"@id\":\"https:\/\/www.pagesmode.com\/actu\/#\/schema\/logo\/image\/\"},\"sameAs\":[\"https:\/\/www.instagram.com\/pagesmodeofficiel\/\"]},{\"@type\":\"Person\",\"@id\":\"https:\/\/www.pagesmode.com\/actu\/#\/schema\/person\/cc650be0c19b7f8f5c667d0020f00eb0\",\"name\":\"Th\u00e9r\u00e8se\",\"image\":{\"@type\":\"ImageObject\",\"inLanguage\":\"fr-FR\",\"@id\":\"https:\/\/www.pagesmode.com\/actu\/#\/schema\/person\/image\/\",\"url\":\"https:\/\/secure.gravatar.com\/avatar\/4ee38301b735d0c9f7a3d408a27a19d6052a491e440bde3b47f9bfd948ad5598?s=96&d=mm&r=g\",\"contentUrl\":\"https:\/\/secure.gravatar.com\/avatar\/4ee38301b735d0c9f7a3d408a27a19d6052a491e440bde3b47f9bfd948ad5598?s=96&d=mm&r=g\",\"caption\":\"Th\u00e9r\u00e8se\"},\"url\":\"https:\/\/www.pagesmode.com\/actu\/author\/therese\/\"}]}<\/script>\n<!-- \/ Yoast SEO plugin. -->","yoast_head_json":{"title":"Actu PM : 5 actus mode \u00e0 ne pas manquer en f\u00e9vrier 2026\u00a0\u00a0 - Blog PagesMode","description":"F\u00e9vrier 2026 : soldes d\u00e9cevantes, IA retail, enjeux climatiques et tendances 5 actus mode d\u00e9crypt\u00e9es avec l\u2019analyse PagesMode.","robots":{"index":"index","follow":"follow","max-snippet":"max-snippet:-1","max-image-preview":"max-image-preview:large","max-video-preview":"max-video-preview:-1"},"canonical":"https:\/\/www.pagesmode.com\/actu\/actu-pm-5-actus-mode-a-ne-pas-manquer-en-fevrier-2026\/","og_locale":"fr_FR","og_type":"article","og_title":"Actu PM : 5 actus mode \u00e0 ne pas manquer en f\u00e9vrier 2026\u00a0\u00a0 - Blog PagesMode","og_description":"F\u00e9vrier 2026 : soldes d\u00e9cevantes, IA retail, enjeux climatiques et tendances 5 actus mode d\u00e9crypt\u00e9es avec l\u2019analyse PagesMode.","og_url":"https:\/\/www.pagesmode.com\/actu\/actu-pm-5-actus-mode-a-ne-pas-manquer-en-fevrier-2026\/","og_site_name":"Blog PagesMode","article_published_time":"2026-02-26T10:21:44+00:00","article_modified_time":"2026-04-24T12:53:10+00:00","og_image":[{"width":1772,"height":1050,"url":"https:\/\/www.pagesmode.com\/actu\/wp-content\/uploads\/2026\/02\/actu-mode-pm-fevrier.png","type":"image\/png"}],"author":"Th\u00e9r\u00e8se","twitter_card":"summary_large_image","twitter_misc":{"\u00c9crit par":"Th\u00e9r\u00e8se","Dur\u00e9e de lecture estim\u00e9e":"4 minutes"},"schema":{"@context":"https:\/\/schema.org","@graph":[{"@type":"Article","@id":"https:\/\/www.pagesmode.com\/actu\/actu-pm-5-actus-mode-a-ne-pas-manquer-en-fevrier-2026\/#article","isPartOf":{"@id":"https:\/\/www.pagesmode.com\/actu\/actu-pm-5-actus-mode-a-ne-pas-manquer-en-fevrier-2026\/"},"author":{"name":"Th\u00e9r\u00e8se","@id":"https:\/\/www.pagesmode.com\/actu\/#\/schema\/person\/cc650be0c19b7f8f5c667d0020f00eb0"},"headline":"Actu PM : 5 actus mode \u00e0 ne pas manquer en f\u00e9vrier 2026\u00a0\u00a0","datePublished":"2026-02-26T10:21:44+00:00","dateModified":"2026-04-24T12:53:10+00:00","mainEntityOfPage":{"@id":"https:\/\/www.pagesmode.com\/actu\/actu-pm-5-actus-mode-a-ne-pas-manquer-en-fevrier-2026\/"},"wordCount":1238,"commentCount":0,"publisher":{"@id":"https:\/\/www.pagesmode.com\/actu\/#organization"},"image":{"@id":"https:\/\/www.pagesmode.com\/actu\/actu-pm-5-actus-mode-a-ne-pas-manquer-en-fevrier-2026\/#primaryimage"},"thumbnailUrl":"https:\/\/www.pagesmode.com\/actu\/wp-content\/uploads\/2026\/02\/actu-mode-pm-fevrier.png","articleSection":["\u00c0 la une"],"inLanguage":"fr-FR","potentialAction":[{"@type":"CommentAction","name":"Comment","target":["https:\/\/www.pagesmode.com\/actu\/actu-pm-5-actus-mode-a-ne-pas-manquer-en-fevrier-2026\/#respond"]}]},{"@type":"WebPage","@id":"https:\/\/www.pagesmode.com\/actu\/actu-pm-5-actus-mode-a-ne-pas-manquer-en-fevrier-2026\/","url":"https:\/\/www.pagesmode.com\/actu\/actu-pm-5-actus-mode-a-ne-pas-manquer-en-fevrier-2026\/","name":"Actu PM : 5 actus mode \u00e0 ne pas manquer en f\u00e9vrier 2026\u00a0\u00a0 - Blog PagesMode","isPartOf":{"@id":"https:\/\/www.pagesmode.com\/actu\/#website"},"primaryImageOfPage":{"@id":"https:\/\/www.pagesmode.com\/actu\/actu-pm-5-actus-mode-a-ne-pas-manquer-en-fevrier-2026\/#primaryimage"},"image":{"@id":"https:\/\/www.pagesmode.com\/actu\/actu-pm-5-actus-mode-a-ne-pas-manquer-en-fevrier-2026\/#primaryimage"},"thumbnailUrl":"https:\/\/www.pagesmode.com\/actu\/wp-content\/uploads\/2026\/02\/actu-mode-pm-fevrier.png","datePublished":"2026-02-26T10:21:44+00:00","dateModified":"2026-04-24T12:53:10+00:00","description":"F\u00e9vrier 2026 : soldes d\u00e9cevantes, IA retail, enjeux climatiques et tendances 5 actus mode d\u00e9crypt\u00e9es avec l\u2019analyse PagesMode.","breadcrumb":{"@id":"https:\/\/www.pagesmode.com\/actu\/actu-pm-5-actus-mode-a-ne-pas-manquer-en-fevrier-2026\/#breadcrumb"},"inLanguage":"fr-FR","potentialAction":[{"@type":"ReadAction","target":["https:\/\/www.pagesmode.com\/actu\/actu-pm-5-actus-mode-a-ne-pas-manquer-en-fevrier-2026\/"]}]},{"@type":"ImageObject","inLanguage":"fr-FR","@id":"https:\/\/www.pagesmode.com\/actu\/actu-pm-5-actus-mode-a-ne-pas-manquer-en-fevrier-2026\/#primaryimage","url":"https:\/\/www.pagesmode.com\/actu\/wp-content\/uploads\/2026\/02\/actu-mode-pm-fevrier.png","contentUrl":"https:\/\/www.pagesmode.com\/actu\/wp-content\/uploads\/2026\/02\/actu-mode-pm-fevrier.png","width":1772,"height":1050,"caption":"Actu Mode Pm de f\u00e9vrier"},{"@type":"BreadcrumbList","@id":"https:\/\/www.pagesmode.com\/actu\/actu-pm-5-actus-mode-a-ne-pas-manquer-en-fevrier-2026\/#breadcrumb","itemListElement":[{"@type":"ListItem","position":1,"name":"Accueil","item":"https:\/\/www.pagesmode.com\/actu\/"},{"@type":"ListItem","position":2,"name":"Actu PM : 5 actus mode \u00e0 ne pas manquer en f\u00e9vrier 2026\u00a0\u00a0"}]},{"@type":"WebSite","@id":"https:\/\/www.pagesmode.com\/actu\/#website","url":"https:\/\/www.pagesmode.com\/actu\/","name":"PagesMode Actu","description":"","publisher":{"@id":"https:\/\/www.pagesmode.com\/actu\/#organization"},"potentialAction":[{"@type":"SearchAction","target":{"@type":"EntryPoint","urlTemplate":"https:\/\/www.pagesmode.com\/actu\/?s={search_term_string}"},"query-input":{"@type":"PropertyValueSpecification","valueRequired":true,"valueName":"search_term_string"}}],"inLanguage":"fr-FR"},{"@type":"Organization","@id":"https:\/\/www.pagesmode.com\/actu\/#organization","name":"PagesMode Actu","url":"https:\/\/www.pagesmode.com\/actu\/","logo":{"@type":"ImageObject","inLanguage":"fr-FR","@id":"https:\/\/www.pagesmode.com\/actu\/#\/schema\/logo\/image\/","url":"https:\/\/www.pagesmode.com\/actu\/wp-content\/uploads\/2026\/04\/logo-pm-ivoire.png","contentUrl":"https:\/\/www.pagesmode.com\/actu\/wp-content\/uploads\/2026\/04\/logo-pm-ivoire.png","width":2400,"height":1500,"caption":"PagesMode Actu"},"image":{"@id":"https:\/\/www.pagesmode.com\/actu\/#\/schema\/logo\/image\/"},"sameAs":["https:\/\/www.instagram.com\/pagesmodeofficiel\/"]},{"@type":"Person","@id":"https:\/\/www.pagesmode.com\/actu\/#\/schema\/person\/cc650be0c19b7f8f5c667d0020f00eb0","name":"Th\u00e9r\u00e8se","image":{"@type":"ImageObject","inLanguage":"fr-FR","@id":"https:\/\/www.pagesmode.com\/actu\/#\/schema\/person\/image\/","url":"https:\/\/secure.gravatar.com\/avatar\/4ee38301b735d0c9f7a3d408a27a19d6052a491e440bde3b47f9bfd948ad5598?s=96&d=mm&r=g","contentUrl":"https:\/\/secure.gravatar.com\/avatar\/4ee38301b735d0c9f7a3d408a27a19d6052a491e440bde3b47f9bfd948ad5598?s=96&d=mm&r=g","caption":"Th\u00e9r\u00e8se"},"url":"https:\/\/www.pagesmode.com\/actu\/author\/therese\/"}]}},"jetpack_sharing_enabled":true,"jetpack_featured_media_url":"https:\/\/www.pagesmode.com\/actu\/wp-content\/uploads\/2026\/02\/actu-mode-pm-fevrier.png","jetpack-related-posts":[],"_links":{"self":[{"href":"https:\/\/www.pagesmode.com\/actu\/wp-json\/wp\/v2\/posts\/549","targetHints":{"allow":["GET"]}}],"collection":[{"href":"https:\/\/www.pagesmode.com\/actu\/wp-json\/wp\/v2\/posts"}],"about":[{"href":"https:\/\/www.pagesmode.com\/actu\/wp-json\/wp\/v2\/types\/post"}],"author":[{"embeddable":true,"href":"https:\/\/www.pagesmode.com\/actu\/wp-json\/wp\/v2\/users\/2"}],"replies":[{"embeddable":true,"href":"https:\/\/www.pagesmode.com\/actu\/wp-json\/wp\/v2\/comments?post=549"}],"version-history":[{"count":21,"href":"https:\/\/www.pagesmode.com\/actu\/wp-json\/wp\/v2\/posts\/549\/revisions"}],"predecessor-version":[{"id":600,"href":"https:\/\/www.pagesmode.com\/actu\/wp-json\/wp\/v2\/posts\/549\/revisions\/600"}],"wp:featuredmedia":[{"embeddable":true,"href":"https:\/\/www.pagesmode.com\/actu\/wp-json\/wp\/v2\/media\/581"}],"wp:attachment":[{"href":"https:\/\/www.pagesmode.com\/actu\/wp-json\/wp\/v2\/media?parent=549"}],"wp:term":[{"taxonomy":"category","embeddable":true,"href":"https:\/\/www.pagesmode.com\/actu\/wp-json\/wp\/v2\/categories?post=549"},{"taxonomy":"post_tag","embeddable":true,"href":"https:\/\/www.pagesmode.com\/actu\/wp-json\/wp\/v2\/tags?post=549"}],"curies":[{"name":"wp","href":"https:\/\/api.w.org\/{rel}","templated":true}]}}