{"id":752,"date":"2026-04-22T14:22:12","date_gmt":"2026-04-22T13:22:12","guid":{"rendered":"https:\/\/www.pagesmode.com\/actu\/?p=752"},"modified":"2026-04-24T13:51:11","modified_gmt":"2026-04-24T12:51:11","slug":"fashion-revolution-la-semaine-mode-qui-change-ta-facon-de-voir-ton-dressing","status":"publish","type":"post","link":"https:\/\/www.pagesmode.com\/actu\/fashion-revolution-la-semaine-mode-qui-change-ta-facon-de-voir-ton-dressing\/","title":{"rendered":"FASHION REVOLUTION : voir la mode autrement"},"content":{"rendered":"\n<p>Et si la pi\u00e8ce que tu portes en ce moment avait une histoire qu&rsquo;on ne t&rsquo;a jamais racont\u00e9e ?<\/p>\n\n\n\n<h2 class=\"wp-block-heading has-large-font-size\"><strong>Une semaine, une question, un mouvement mondial<\/strong><\/h2>\n\n\n\n<p>Chaque ann\u00e9e fin avril, une question s&rsquo;invite dans les feeds mode du monde entier. Pas \u00ab\u00a0quelle est la couleur de la saison ?\u00a0\u00bb ni \u00ab\u00a0comment porter le total look ?\u00a0\u00bb, mais quelque chose de plus profond : <strong>#WhoMadeMyClothes, <em>(Qui a fait mes v\u00eatements?)<\/em><\/strong><\/p>\n\n\n\n<p>C&rsquo;est la Fashion Revolution Week. Et si tu ne la connais pas encore, cet article est fait pour toi. Parce que derri\u00e8re ce mouvement, il y a une histoire forte, une communaut\u00e9 inspirante, et surtout une belle invitation \u00e0 regarder la mode diff\u00e9remment, sans se prendre la t\u00eate.<\/p>\n\n\n\n<h2 class=\"wp-block-heading has-large-font-size\"><strong>D&rsquo;o\u00f9 vient cette journ\u00e9e ?<\/strong><\/h2>\n\n\n\n<p>Tout commence le 24 avril 2013, \u00e0 Dhaka, au Bangladesh. <strong>Le Rana Plaza<\/strong>, un immeuble abritant plusieurs ateliers textiles, s&rsquo;effondre. Le bilan est lourd, plus de 1 100 morts parmi les ouvriers qui fabriquaient des v\u00eatements pour des marques internationales. La catastrophe fait l&rsquo;effet d&rsquo;un \u00e9lectrochoc, pour la premi\u00e8re fois, le grand public r\u00e9alise concr\u00e8tement ce qui peut se cacher derri\u00e8re une \u00e9tiquette.<\/p>\n\n\n\n<p>En r\u00e9ponse, les cr\u00e9atrices britanniques <strong>Carry Somers<\/strong> et <strong>Orsola de Castro<\/strong> fondent le collectif <strong>Fashion Revolution<\/strong>. Leur id\u00e9e ? Pas de discours moralisateur, mais une action simple et visible, interpeller les marques directement, via les r\u00e9seaux sociaux, pour qu&rsquo;elles parlent de leurs conditions de fabrication.<\/p>\n\n\n\n<p>La premi\u00e8re Fashion Revolution Day est lanc\u00e9e le <strong>24 avril 2014<\/strong>, date anniversaire du drame. Le concept s\u00e9duit imm\u00e9diatement des centaines de milliers de personnes dans le monde. En France, le hashtag <strong>#JeVeuxSavoir<\/strong> accompagne le mouvement. Depuis 2015, la journ\u00e9e s&rsquo;est transform\u00e9e en Fashion Revolution Week, sept jours de curiosit\u00e9, de d\u00e9couverte et de conversations autour de la mode, c\u00e9l\u00e9br\u00e9s aujourd&rsquo;hui dans plus de 96 pays.<\/p>\n\n\n\n<h2 class=\"wp-block-heading has-large-font-size\"><strong>Fashion Revolution Week, \u00e7a ressemble \u00e0 quoi ?<\/strong><\/h2>\n\n\n\n<p>C&rsquo;est avant tout une ambiance, curieuse et ouverte. <br>Voil\u00e0 ce qui se passe pendant ces sept jours :<\/p>\n\n\n\n<p><strong>Le geste :<\/strong> on retourne son v\u00eatement, \u00e9tiquette visible, on se prend en photo et on la poste avec le hashtag #WhoMadeMyClothes en taguant la marque. Certaines r\u00e9pondent avec le hashtag #IMadeYourClothes, en montrant les \u00e9quipes qui fabriquent leurs pi\u00e8ces. Un \u00e9change simple, mais qui dit beaucoup.<\/p>\n\n\n\n<p><strong>Les \u00e9v\u00e9nements :<\/strong> partout en France (Paris, Marseille, Lyon, Angers\u2026), la semaine s&rsquo;anime avec des conf\u00e9rences, des ateliers de customisation, des d\u00e9fil\u00e9s alternatifs, des projections. C&rsquo;est ouvert \u00e0 tous, souvent gratuit, et toujours inspirant. L&rsquo;id\u00e9e est de cr\u00e9er des espaces de dialogue entre cr\u00e9ateurs, marques et communaut\u00e9s mode.<\/p>\n\n\n\n<p><strong>L&rsquo;esprit global :<\/strong> la Fashion Revolution Week ne cherche pas \u00e0 culpabiliser. Elle invite simplement \u00e0 la curiosit\u00e9, \u00e0 se demander d&rsquo;o\u00f9 vient ce qu&rsquo;on porte, et \u00e0 valoriser celles et ceux qui le fabriquent. C&rsquo;est une c\u00e9l\u00e9bration autant qu&rsquo;une prise de conscience.<\/p>\n\n\n\n<h2 class=\"wp-block-heading has-large-font-size\"><strong>Les applis qui te donnent la r\u00e9ponse en deux secondes<\/strong><\/h2>\n\n\n\n<p>Bonne nouvelle, en 2025, pas besoin d&rsquo;\u00eatre experte pour savoir d&rsquo;o\u00f9 vient un v\u00eatement. Deux applications font le job parfaitement.<\/p>\n\n\n\n<figure class=\"wp-block-image size-large\"><img loading=\"lazy\" decoding=\"async\" width=\"1024\" height=\"607\" src=\"https:\/\/www.pagesmode.com\/actu\/wp-content\/uploads\/2026\/04\/Fashion-Revolution-1024x607.png\" alt=\"applis - Fashion Revolution\" class=\"wp-image-767\" srcset=\"https:\/\/www.pagesmode.com\/actu\/wp-content\/uploads\/2026\/04\/Fashion-Revolution-1024x607.png 1024w, https:\/\/www.pagesmode.com\/actu\/wp-content\/uploads\/2026\/04\/Fashion-Revolution-300x178.png 300w, https:\/\/www.pagesmode.com\/actu\/wp-content\/uploads\/2026\/04\/Fashion-Revolution-768x455.png 768w, https:\/\/www.pagesmode.com\/actu\/wp-content\/uploads\/2026\/04\/Fashion-Revolution-1536x910.png 1536w, https:\/\/www.pagesmode.com\/actu\/wp-content\/uploads\/2026\/04\/Fashion-Revolution.png 1772w\" sizes=\"auto, (max-width: 1024px) 100vw, 1024px\" \/><figcaption class=\"wp-element-caption\"><em>\u00c0 gauche Clear Fashion, \u00e0 droite Good On You <\/em>          <\/figcaption><\/figure>\n\n\n\n<p><strong>Clear Fashion, le Yuka de la mode<\/strong><\/p>\n\n\n\n<p>Fond\u00e9e par deux ing\u00e9nieures fran\u00e7aises, <strong>Clear Fashion<\/strong> \u00e9value les marques et leurs v\u00eatements selon plus de 150 crit\u00e8res : environnement, conditions humaines de production, sant\u00e9 et bien-\u00eatre animal. Tu scannes le code-barres ou l&rsquo;\u00e9tiquette d&rsquo;un v\u00eatement, et tu obtiens instantan\u00e9ment son score, clair et lisible. Plus de 500 marques sont r\u00e9pertori\u00e9es, et l&rsquo;\u00e9valuation est totalement ind\u00e9pendante. C&rsquo;est l&rsquo;appli \u00e0 avoir dans son t\u00e9l\u00e9phone quand on fait du shopping.<\/p>\n\n\n\n<p class=\"has-medium-font-size\"><strong>Good On You<\/strong><\/p>\n\n\n\n<p>L&rsquo;\u00e9quivalent international, avec plus de 2 000 marques r\u00e9f\u00e9renc\u00e9es \u00e0 travers le monde. L&rsquo;interface est en anglais mais super intuitive : les marques sont not\u00e9es de \u00ab\u00a0Great\u00a0\u00bb \u00e0 \u00ab\u00a0We avoid\u00a0\u00bb. Id\u00e9al pour les achats de labels internationaux et pour explorer des alternatives qu&rsquo;on ne connaissait pas encore.<\/p>\n\n\n\n<p>Ces deux outils, c&rsquo;est un peu comme avoir un styliste \u00e9thique dans sa poche. Sans prise de t\u00eate, juste de l&rsquo;info utile.<\/p>\n\n\n\n<h2 class=\"wp-block-heading has-large-font-size\"><strong>Les marques qui incarnent ce changement<\/strong><\/h2>\n\n\n\n<p>La Fashion Revolution a contribu\u00e9 \u00e0 faire \u00e9merger toute une nouvelle g\u00e9n\u00e9ration de marques qui prouvent que mode \u00e9thique et beau style ne sont pas incompatibles. En voil\u00e0 quelques-unes qui nous inspirent vraiment.<\/p>\n\n\n\n<h3 class=\"wp-block-heading has-medium-font-size\"><strong>Bonnegueule, la mode masculine qui dure<\/strong><\/h3>\n\n\n\n<p>N\u00e9 comme un blog de conseils mode il y a plus de 15 ans, <strong>Bonnegueule<\/strong> est devenu bien plus qu&rsquo;une marque mais une r\u00e9f\u00e9rence pour les hommes qui veulent bien s&rsquo;habiller, longtemps. Leur approche ? Des pi\u00e8ces pens\u00e9es pour traverser les saisons sans se d\u00e9moder, fabriqu\u00e9es en Europe avec des mati\u00e8res rigoureusement s\u00e9lectionn\u00e9es, laine m\u00e9rinos, coton bio, lin\u2026 Et depuis peu, une vraie d\u00e9marche de circularit\u00e9 avec un service de retouche et r\u00e9paration, plateforme seconde main, et une conviction qu&rsquo;un v\u00eatement bien con\u00e7u peut \u00eatre port\u00e9 longtemps et \u00eatre transmis. Le genre de marque qu&rsquo;on ach\u00e8te une fois et qu&rsquo;on garde.<\/p>\n\n\n\n<h3 class=\"wp-block-heading has-medium-font-size\"><strong>Jane Blue Paris, la po\u00e9sie du slow fashion<\/strong><\/h3>\n\n\n\n<p><strong>Jane Blue Paris<\/strong> propose des pi\u00e8ces pens\u00e9es dans le moindre d\u00e9tail : mati\u00e8res naturelles et durables, production raisonn\u00e9e, esth\u00e9tique douce et intemporelle. Pas de surproduction, pas de collections qui s&rsquo;encha\u00eenent \u00e0 toute vitesse. Juste des v\u00eatements qu&rsquo;on a envie de garder longtemps et qui le m\u00e9ritent. \u00c0 explorer via leur espace <a href=\"https:\/\/janeblueparis.com\/category\/blue-more\/\">Blue More<\/a>, une vraie p\u00e9pite.<\/p>\n\n\n\n<h3 class=\"wp-block-heading has-medium-font-size\"><strong>A\u00efdama, les v\u00eatements qui font sens<\/strong><\/h3>\n\n\n\n<p>N\u00e9e de l\u2019envie de remettre du sens dans nos armoires, <strong>Aidama<\/strong> cr\u00e9e des v\u00eatements pens\u00e9s pour durer, justes et essentiels. Ici, pas de collections \u00e9ph\u00e9m\u00e8res ou de tendances fugaces : chaque pi\u00e8ce est con\u00e7ue comme un compagnon de route, fabriqu\u00e9e au Portugal dans des ateliers \u00e0 taille humaine, \u00e0 partir de mati\u00e8res naturelles et tra\u00e7ables. Leur vision ? Une mode plus consciente, o\u00f9 l\u2019on ach\u00e8te moins mais mieux, o\u00f9 un t-shirt ou un pantalon racontent quelque chose de vrai, du fil \u00e0 la coupe. Et parce qu\u2019un v\u00eatement bien fait m\u00e9rite de vivre longtemps, Aidama encourage l\u2019entretien, la r\u00e9paration et la revente. Une marque utile, au service de ceux qui veulent s\u2019habiller avec bon sens, sans renoncer au style.<\/p>\n\n\n\n<h3 class=\"wp-block-heading has-medium-font-size\"><strong>Marine Serre, l&rsquo;upcycling comme art de vivre<\/strong><\/h3>\n\n\n\n<p>Impossible de parler de mode responsable sans \u00e9voquer <strong>Marine Serre<\/strong>. Cette cr\u00e9atrice fran\u00e7aise, pass\u00e9e par Marseille puis par les plus grandes maisons (Balenciaga, Alexander McQueen, Margiela), a remport\u00e9 le Prix LVMH en 2017 et n&rsquo;a jamais cess\u00e9 depuis de r\u00e9inventer les r\u00e8gles.<\/p>\n\n\n\n<p>Sa signature ? <strong>L&rsquo;upcycling<\/strong> : entre 30% et 50% de ses silhouettes sont cr\u00e9\u00e9es \u00e0 partir de v\u00eatements et mati\u00e8res r\u00e9cup\u00e9r\u00e9s, d&rsquo;anciens jeans, des tapis, des \u00e9charpes vintage, retravaill\u00e9s pour devenir des pi\u00e8ces iconiques et tr\u00e8s d\u00e9sirables. Ce qui est fascinant chez Marine Serre, c&rsquo;est qu&rsquo;elle n&rsquo;a pas \u00ab\u00a0ajout\u00e9\u00a0\u00bb une dimension \u00e9thique \u00e0 son travail : c&rsquo;est son processus cr\u00e9atif lui-m\u00eame qui est construit autour de \u00e7a. Une approche qui inspire toute une nouvelle g\u00e9n\u00e9ration de designers.<\/p>\n\n\n\n<figure class=\"wp-block-image size-large\"><img loading=\"lazy\" decoding=\"async\" width=\"1024\" height=\"607\" src=\"https:\/\/www.pagesmode.com\/actu\/wp-content\/uploads\/2026\/04\/marine-serre-Fashion-Revolution-1024x607.png\" alt=\"Marine-Serre-Fashion-Revolution\" class=\"wp-image-770\" srcset=\"https:\/\/www.pagesmode.com\/actu\/wp-content\/uploads\/2026\/04\/marine-serre-Fashion-Revolution-1024x607.png 1024w, https:\/\/www.pagesmode.com\/actu\/wp-content\/uploads\/2026\/04\/marine-serre-Fashion-Revolution-300x178.png 300w, https:\/\/www.pagesmode.com\/actu\/wp-content\/uploads\/2026\/04\/marine-serre-Fashion-Revolution-768x455.png 768w, https:\/\/www.pagesmode.com\/actu\/wp-content\/uploads\/2026\/04\/marine-serre-Fashion-Revolution-1536x910.png 1536w, https:\/\/www.pagesmode.com\/actu\/wp-content\/uploads\/2026\/04\/marine-serre-Fashion-Revolution.png 1772w\" sizes=\"auto, (max-width: 1024px) 100vw, 1024px\" \/><figcaption class=\"wp-element-caption\"><em>Looks pr\u00e9sent\u00e9s lors des d\u00e9fil\u00e9s de la Fashion Week sign\u00e9s <a href=\"https:\/\/www.marineserre.com\/fr\/focus\/unique-pieces\">Marine Serre<\/a><\/em><\/figcaption><\/figure>\n\n\n\n<h2 class=\"wp-block-heading has-large-font-size\"><strong>La mode, autrement et avec plaisir<\/strong><\/h2>\n\n\n\n<p>Ce qu&rsquo;on retient de la Fashion Revolution Week, c&rsquo;est avant tout un changement de regard. Pas une r\u00e9volution punitive, mais une invitation \u00e0 regarder son dressing avec plus de curiosit\u00e9 et d&rsquo;affection.<\/p>\n\n\n\n<p>Retomber amoureux-se des pi\u00e8ces qu&rsquo;on a d\u00e9j\u00e0. D\u00e9couvrir des marques qu&rsquo;on ne connaissait pas. Poser des questions auxquelles on m\u00e9rite des r\u00e9ponses. Et parfois, choisir diff\u00e9remment, non pas par obligation, mais parce qu&rsquo;on sait que c&rsquo;est mieux, pour soi et pour les autres.<\/p>\n\n\n\n<h2 class=\"wp-block-heading has-large-font-size\"><strong>Nos recommandations PagesMode pour le Fashion Revolution Day :&nbsp;<\/strong><\/h2>\n\n\n\n<blockquote class=\"wp-block-quote is-layout-flow wp-block-quote-is-layout-flow\">\n<p>\u2726 T\u00e9l\u00e9charge <strong>Clear Fashion<\/strong> ou <strong>Good On You<\/strong> et commence par scanner une pi\u00e8ce que tu aimes.<\/p>\n\n\n\n<p>\u2726 Le <strong>24 avril<\/strong>, retourne un v\u00eatement, prends-toi en photo et pose la question \u00e0 la marque : <strong>#WhoMadeMyClothes<\/strong> \/ <strong>#JeVeuxSavoir<\/strong>.<\/p>\n\n\n\n<p>\u2726 Explore <strong>Jane Blue Paris, Bonnegueule ou encore Aidama<\/strong>, parfois les plus belles d\u00e9couvertes viennent de l\u00e0 o\u00f9 on ne cherche pas encore.<\/p>\n\n\n\n<p>\u2726 Regarde ce que tu as d\u00e9j\u00e0 dans ton dressing avant d&rsquo;en remplir un nouveau. Spoiler : il y a probablement des p\u00e9pites oubli\u00e9es.<\/p>\n<\/blockquote>\n\n\n\n<p>Nina Silva l <a href=\"https:\/\/www.pagesmode.com\">PagesMode<\/a><\/p>\n\n\n\n<p><\/p>\n","protected":false},"excerpt":{"rendered":"<p>Et si la pi\u00e8ce que tu portes en ce moment avait une histoire qu&rsquo;on ne t&rsquo;a jamais racont\u00e9e ? Une semaine, une question, un mouvement mondial Chaque ann\u00e9e fin avril, une question s&rsquo;invite dans les feeds mode du monde entier. Pas \u00ab\u00a0quelle est la couleur de la saison ?\u00a0\u00bb ni \u00ab\u00a0comment porter le total look [&hellip;]<\/p>\n","protected":false},"author":2,"featured_media":753,"comment_status":"open","ping_status":"open","sticky":false,"template":"","format":"standard","meta":{"_jetpack_memberships_contains_paid_content":false,"footnotes":""},"categories":[14,11],"tags":[],"class_list":["post-752","post","type-post","status-publish","format-standard","has-post-thumbnail","hentry","category-a-la-une","category-decryptage"],"yoast_head":"<!-- This site is optimized with the Yoast SEO plugin v24.0 - https:\/\/yoast.com\/wordpress\/plugins\/seo\/ -->\n<title>FASHION REVOLUTION : voir la mode autrement - Blog PagesMode<\/title>\n<meta name=\"description\" content=\"Et si la pi\u00e8ce que tu portes en ce moment avait une histoire qu&#039;on ne t&#039;a jamais racont\u00e9e ? C\u2019est l\u2019objectif du fashion Revolution Day\" \/>\n<meta name=\"robots\" content=\"index, follow, max-snippet:-1, max-image-preview:large, max-video-preview:-1\" \/>\n<link rel=\"canonical\" href=\"https:\/\/www.pagesmode.com\/actu\/fashion-revolution-la-semaine-mode-qui-change-ta-facon-de-voir-ton-dressing\/\" \/>\n<meta property=\"og:locale\" content=\"fr_FR\" \/>\n<meta property=\"og:type\" content=\"article\" \/>\n<meta property=\"og:title\" content=\"FASHION REVOLUTION : voir la mode autrement - Blog PagesMode\" \/>\n<meta property=\"og:description\" content=\"Et si la pi\u00e8ce que tu portes en ce moment avait une histoire qu&#039;on ne t&#039;a jamais racont\u00e9e ? C\u2019est l\u2019objectif du fashion Revolution Day\" \/>\n<meta property=\"og:url\" content=\"https:\/\/www.pagesmode.com\/actu\/fashion-revolution-la-semaine-mode-qui-change-ta-facon-de-voir-ton-dressing\/\" \/>\n<meta property=\"og:site_name\" content=\"Blog PagesMode\" \/>\n<meta property=\"article:published_time\" content=\"2026-04-22T13:22:12+00:00\" \/>\n<meta property=\"article:modified_time\" content=\"2026-04-24T12:51:11+00:00\" \/>\n<meta property=\"og:image\" content=\"https:\/\/www.pagesmode.com\/actu\/wp-content\/uploads\/2026\/04\/WHO-MADE-MY-CLOTHES-.jpg\" \/>\n\t<meta property=\"og:image:width\" content=\"1212\" \/>\n\t<meta property=\"og:image:height\" content=\"847\" \/>\n\t<meta property=\"og:image:type\" content=\"image\/jpeg\" \/>\n<meta name=\"author\" content=\"Th\u00e9r\u00e8se\" \/>\n<meta name=\"twitter:card\" content=\"summary_large_image\" \/>\n<meta name=\"twitter:label1\" content=\"\u00c9crit par\" \/>\n\t<meta name=\"twitter:data1\" content=\"Th\u00e9r\u00e8se\" \/>\n\t<meta name=\"twitter:label2\" content=\"Dur\u00e9e de lecture estim\u00e9e\" \/>\n\t<meta name=\"twitter:data2\" content=\"7 minutes\" \/>\n<script type=\"application\/ld+json\" class=\"yoast-schema-graph\">{\"@context\":\"https:\/\/schema.org\",\"@graph\":[{\"@type\":\"Article\",\"@id\":\"https:\/\/www.pagesmode.com\/actu\/fashion-revolution-la-semaine-mode-qui-change-ta-facon-de-voir-ton-dressing\/#article\",\"isPartOf\":{\"@id\":\"https:\/\/www.pagesmode.com\/actu\/fashion-revolution-la-semaine-mode-qui-change-ta-facon-de-voir-ton-dressing\/\"},\"author\":{\"name\":\"Th\u00e9r\u00e8se\",\"@id\":\"https:\/\/www.pagesmode.com\/actu\/#\/schema\/person\/cc650be0c19b7f8f5c667d0020f00eb0\"},\"headline\":\"FASHION REVOLUTION : voir la mode autrement\",\"datePublished\":\"2026-04-22T13:22:12+00:00\",\"dateModified\":\"2026-04-24T12:51:11+00:00\",\"mainEntityOfPage\":{\"@id\":\"https:\/\/www.pagesmode.com\/actu\/fashion-revolution-la-semaine-mode-qui-change-ta-facon-de-voir-ton-dressing\/\"},\"wordCount\":1441,\"commentCount\":0,\"publisher\":{\"@id\":\"https:\/\/www.pagesmode.com\/actu\/#organization\"},\"image\":{\"@id\":\"https:\/\/www.pagesmode.com\/actu\/fashion-revolution-la-semaine-mode-qui-change-ta-facon-de-voir-ton-dressing\/#primaryimage\"},\"thumbnailUrl\":\"https:\/\/www.pagesmode.com\/actu\/wp-content\/uploads\/2026\/04\/WHO-MADE-MY-CLOTHES-.jpg\",\"articleSection\":[\"\u00c0 la une\",\"D\u00e9cryptage\"],\"inLanguage\":\"fr-FR\",\"potentialAction\":[{\"@type\":\"CommentAction\",\"name\":\"Comment\",\"target\":[\"https:\/\/www.pagesmode.com\/actu\/fashion-revolution-la-semaine-mode-qui-change-ta-facon-de-voir-ton-dressing\/#respond\"]}]},{\"@type\":\"WebPage\",\"@id\":\"https:\/\/www.pagesmode.com\/actu\/fashion-revolution-la-semaine-mode-qui-change-ta-facon-de-voir-ton-dressing\/\",\"url\":\"https:\/\/www.pagesmode.com\/actu\/fashion-revolution-la-semaine-mode-qui-change-ta-facon-de-voir-ton-dressing\/\",\"name\":\"FASHION REVOLUTION : voir la mode autrement - Blog PagesMode\",\"isPartOf\":{\"@id\":\"https:\/\/www.pagesmode.com\/actu\/#website\"},\"primaryImageOfPage\":{\"@id\":\"https:\/\/www.pagesmode.com\/actu\/fashion-revolution-la-semaine-mode-qui-change-ta-facon-de-voir-ton-dressing\/#primaryimage\"},\"image\":{\"@id\":\"https:\/\/www.pagesmode.com\/actu\/fashion-revolution-la-semaine-mode-qui-change-ta-facon-de-voir-ton-dressing\/#primaryimage\"},\"thumbnailUrl\":\"https:\/\/www.pagesmode.com\/actu\/wp-content\/uploads\/2026\/04\/WHO-MADE-MY-CLOTHES-.jpg\",\"datePublished\":\"2026-04-22T13:22:12+00:00\",\"dateModified\":\"2026-04-24T12:51:11+00:00\",\"description\":\"Et si la pi\u00e8ce que tu portes en ce moment avait une histoire qu'on ne t'a jamais racont\u00e9e ? C\u2019est l\u2019objectif du fashion Revolution Day\",\"breadcrumb\":{\"@id\":\"https:\/\/www.pagesmode.com\/actu\/fashion-revolution-la-semaine-mode-qui-change-ta-facon-de-voir-ton-dressing\/#breadcrumb\"},\"inLanguage\":\"fr-FR\",\"potentialAction\":[{\"@type\":\"ReadAction\",\"target\":[\"https:\/\/www.pagesmode.com\/actu\/fashion-revolution-la-semaine-mode-qui-change-ta-facon-de-voir-ton-dressing\/\"]}]},{\"@type\":\"ImageObject\",\"inLanguage\":\"fr-FR\",\"@id\":\"https:\/\/www.pagesmode.com\/actu\/fashion-revolution-la-semaine-mode-qui-change-ta-facon-de-voir-ton-dressing\/#primaryimage\",\"url\":\"https:\/\/www.pagesmode.com\/actu\/wp-content\/uploads\/2026\/04\/WHO-MADE-MY-CLOTHES-.jpg\",\"contentUrl\":\"https:\/\/www.pagesmode.com\/actu\/wp-content\/uploads\/2026\/04\/WHO-MADE-MY-CLOTHES-.jpg\",\"width\":1212,\"height\":847,\"caption\":\"Photo de manifestants pour le Fashion Revolution Day\"},{\"@type\":\"BreadcrumbList\",\"@id\":\"https:\/\/www.pagesmode.com\/actu\/fashion-revolution-la-semaine-mode-qui-change-ta-facon-de-voir-ton-dressing\/#breadcrumb\",\"itemListElement\":[{\"@type\":\"ListItem\",\"position\":1,\"name\":\"Accueil\",\"item\":\"https:\/\/www.pagesmode.com\/actu\/\"},{\"@type\":\"ListItem\",\"position\":2,\"name\":\"FASHION REVOLUTION : voir la mode autrement\"}]},{\"@type\":\"WebSite\",\"@id\":\"https:\/\/www.pagesmode.com\/actu\/#website\",\"url\":\"https:\/\/www.pagesmode.com\/actu\/\",\"name\":\"PagesMode Actu\",\"description\":\"\",\"publisher\":{\"@id\":\"https:\/\/www.pagesmode.com\/actu\/#organization\"},\"potentialAction\":[{\"@type\":\"SearchAction\",\"target\":{\"@type\":\"EntryPoint\",\"urlTemplate\":\"https:\/\/www.pagesmode.com\/actu\/?s={search_term_string}\"},\"query-input\":{\"@type\":\"PropertyValueSpecification\",\"valueRequired\":true,\"valueName\":\"search_term_string\"}}],\"inLanguage\":\"fr-FR\"},{\"@type\":\"Organization\",\"@id\":\"https:\/\/www.pagesmode.com\/actu\/#organization\",\"name\":\"PagesMode Actu\",\"url\":\"https:\/\/www.pagesmode.com\/actu\/\",\"logo\":{\"@type\":\"ImageObject\",\"inLanguage\":\"fr-FR\",\"@id\":\"https:\/\/www.pagesmode.com\/actu\/#\/schema\/logo\/image\/\",\"url\":\"https:\/\/www.pagesmode.com\/actu\/wp-content\/uploads\/2026\/04\/logo-pm-ivoire.png\",\"contentUrl\":\"https:\/\/www.pagesmode.com\/actu\/wp-content\/uploads\/2026\/04\/logo-pm-ivoire.png\",\"width\":2400,\"height\":1500,\"caption\":\"PagesMode Actu\"},\"image\":{\"@id\":\"https:\/\/www.pagesmode.com\/actu\/#\/schema\/logo\/image\/\"},\"sameAs\":[\"https:\/\/www.instagram.com\/pagesmodeofficiel\/\"]},{\"@type\":\"Person\",\"@id\":\"https:\/\/www.pagesmode.com\/actu\/#\/schema\/person\/cc650be0c19b7f8f5c667d0020f00eb0\",\"name\":\"Th\u00e9r\u00e8se\",\"image\":{\"@type\":\"ImageObject\",\"inLanguage\":\"fr-FR\",\"@id\":\"https:\/\/www.pagesmode.com\/actu\/#\/schema\/person\/image\/\",\"url\":\"https:\/\/secure.gravatar.com\/avatar\/4ee38301b735d0c9f7a3d408a27a19d6052a491e440bde3b47f9bfd948ad5598?s=96&d=mm&r=g\",\"contentUrl\":\"https:\/\/secure.gravatar.com\/avatar\/4ee38301b735d0c9f7a3d408a27a19d6052a491e440bde3b47f9bfd948ad5598?s=96&d=mm&r=g\",\"caption\":\"Th\u00e9r\u00e8se\"},\"url\":\"https:\/\/www.pagesmode.com\/actu\/author\/therese\/\"}]}<\/script>\n<!-- \/ Yoast SEO plugin. -->","yoast_head_json":{"title":"FASHION REVOLUTION : voir la mode autrement - Blog PagesMode","description":"Et si la pi\u00e8ce que tu portes en ce moment avait une histoire qu'on ne t'a jamais racont\u00e9e ? C\u2019est l\u2019objectif du fashion Revolution Day","robots":{"index":"index","follow":"follow","max-snippet":"max-snippet:-1","max-image-preview":"max-image-preview:large","max-video-preview":"max-video-preview:-1"},"canonical":"https:\/\/www.pagesmode.com\/actu\/fashion-revolution-la-semaine-mode-qui-change-ta-facon-de-voir-ton-dressing\/","og_locale":"fr_FR","og_type":"article","og_title":"FASHION REVOLUTION : voir la mode autrement - Blog PagesMode","og_description":"Et si la pi\u00e8ce que tu portes en ce moment avait une histoire qu'on ne t'a jamais racont\u00e9e ? C\u2019est l\u2019objectif du fashion Revolution Day","og_url":"https:\/\/www.pagesmode.com\/actu\/fashion-revolution-la-semaine-mode-qui-change-ta-facon-de-voir-ton-dressing\/","og_site_name":"Blog PagesMode","article_published_time":"2026-04-22T13:22:12+00:00","article_modified_time":"2026-04-24T12:51:11+00:00","og_image":[{"width":1212,"height":847,"url":"https:\/\/www.pagesmode.com\/actu\/wp-content\/uploads\/2026\/04\/WHO-MADE-MY-CLOTHES-.jpg","type":"image\/jpeg"}],"author":"Th\u00e9r\u00e8se","twitter_card":"summary_large_image","twitter_misc":{"\u00c9crit par":"Th\u00e9r\u00e8se","Dur\u00e9e de lecture estim\u00e9e":"7 minutes"},"schema":{"@context":"https:\/\/schema.org","@graph":[{"@type":"Article","@id":"https:\/\/www.pagesmode.com\/actu\/fashion-revolution-la-semaine-mode-qui-change-ta-facon-de-voir-ton-dressing\/#article","isPartOf":{"@id":"https:\/\/www.pagesmode.com\/actu\/fashion-revolution-la-semaine-mode-qui-change-ta-facon-de-voir-ton-dressing\/"},"author":{"name":"Th\u00e9r\u00e8se","@id":"https:\/\/www.pagesmode.com\/actu\/#\/schema\/person\/cc650be0c19b7f8f5c667d0020f00eb0"},"headline":"FASHION REVOLUTION : voir la mode autrement","datePublished":"2026-04-22T13:22:12+00:00","dateModified":"2026-04-24T12:51:11+00:00","mainEntityOfPage":{"@id":"https:\/\/www.pagesmode.com\/actu\/fashion-revolution-la-semaine-mode-qui-change-ta-facon-de-voir-ton-dressing\/"},"wordCount":1441,"commentCount":0,"publisher":{"@id":"https:\/\/www.pagesmode.com\/actu\/#organization"},"image":{"@id":"https:\/\/www.pagesmode.com\/actu\/fashion-revolution-la-semaine-mode-qui-change-ta-facon-de-voir-ton-dressing\/#primaryimage"},"thumbnailUrl":"https:\/\/www.pagesmode.com\/actu\/wp-content\/uploads\/2026\/04\/WHO-MADE-MY-CLOTHES-.jpg","articleSection":["\u00c0 la une","D\u00e9cryptage"],"inLanguage":"fr-FR","potentialAction":[{"@type":"CommentAction","name":"Comment","target":["https:\/\/www.pagesmode.com\/actu\/fashion-revolution-la-semaine-mode-qui-change-ta-facon-de-voir-ton-dressing\/#respond"]}]},{"@type":"WebPage","@id":"https:\/\/www.pagesmode.com\/actu\/fashion-revolution-la-semaine-mode-qui-change-ta-facon-de-voir-ton-dressing\/","url":"https:\/\/www.pagesmode.com\/actu\/fashion-revolution-la-semaine-mode-qui-change-ta-facon-de-voir-ton-dressing\/","name":"FASHION REVOLUTION : voir la mode autrement - Blog PagesMode","isPartOf":{"@id":"https:\/\/www.pagesmode.com\/actu\/#website"},"primaryImageOfPage":{"@id":"https:\/\/www.pagesmode.com\/actu\/fashion-revolution-la-semaine-mode-qui-change-ta-facon-de-voir-ton-dressing\/#primaryimage"},"image":{"@id":"https:\/\/www.pagesmode.com\/actu\/fashion-revolution-la-semaine-mode-qui-change-ta-facon-de-voir-ton-dressing\/#primaryimage"},"thumbnailUrl":"https:\/\/www.pagesmode.com\/actu\/wp-content\/uploads\/2026\/04\/WHO-MADE-MY-CLOTHES-.jpg","datePublished":"2026-04-22T13:22:12+00:00","dateModified":"2026-04-24T12:51:11+00:00","description":"Et si la pi\u00e8ce que tu portes en ce moment avait une histoire qu'on ne t'a jamais racont\u00e9e ? C\u2019est l\u2019objectif du fashion Revolution Day","breadcrumb":{"@id":"https:\/\/www.pagesmode.com\/actu\/fashion-revolution-la-semaine-mode-qui-change-ta-facon-de-voir-ton-dressing\/#breadcrumb"},"inLanguage":"fr-FR","potentialAction":[{"@type":"ReadAction","target":["https:\/\/www.pagesmode.com\/actu\/fashion-revolution-la-semaine-mode-qui-change-ta-facon-de-voir-ton-dressing\/"]}]},{"@type":"ImageObject","inLanguage":"fr-FR","@id":"https:\/\/www.pagesmode.com\/actu\/fashion-revolution-la-semaine-mode-qui-change-ta-facon-de-voir-ton-dressing\/#primaryimage","url":"https:\/\/www.pagesmode.com\/actu\/wp-content\/uploads\/2026\/04\/WHO-MADE-MY-CLOTHES-.jpg","contentUrl":"https:\/\/www.pagesmode.com\/actu\/wp-content\/uploads\/2026\/04\/WHO-MADE-MY-CLOTHES-.jpg","width":1212,"height":847,"caption":"Photo de manifestants pour le Fashion Revolution Day"},{"@type":"BreadcrumbList","@id":"https:\/\/www.pagesmode.com\/actu\/fashion-revolution-la-semaine-mode-qui-change-ta-facon-de-voir-ton-dressing\/#breadcrumb","itemListElement":[{"@type":"ListItem","position":1,"name":"Accueil","item":"https:\/\/www.pagesmode.com\/actu\/"},{"@type":"ListItem","position":2,"name":"FASHION REVOLUTION : voir la mode autrement"}]},{"@type":"WebSite","@id":"https:\/\/www.pagesmode.com\/actu\/#website","url":"https:\/\/www.pagesmode.com\/actu\/","name":"PagesMode Actu","description":"","publisher":{"@id":"https:\/\/www.pagesmode.com\/actu\/#organization"},"potentialAction":[{"@type":"SearchAction","target":{"@type":"EntryPoint","urlTemplate":"https:\/\/www.pagesmode.com\/actu\/?s={search_term_string}"},"query-input":{"@type":"PropertyValueSpecification","valueRequired":true,"valueName":"search_term_string"}}],"inLanguage":"fr-FR"},{"@type":"Organization","@id":"https:\/\/www.pagesmode.com\/actu\/#organization","name":"PagesMode Actu","url":"https:\/\/www.pagesmode.com\/actu\/","logo":{"@type":"ImageObject","inLanguage":"fr-FR","@id":"https:\/\/www.pagesmode.com\/actu\/#\/schema\/logo\/image\/","url":"https:\/\/www.pagesmode.com\/actu\/wp-content\/uploads\/2026\/04\/logo-pm-ivoire.png","contentUrl":"https:\/\/www.pagesmode.com\/actu\/wp-content\/uploads\/2026\/04\/logo-pm-ivoire.png","width":2400,"height":1500,"caption":"PagesMode Actu"},"image":{"@id":"https:\/\/www.pagesmode.com\/actu\/#\/schema\/logo\/image\/"},"sameAs":["https:\/\/www.instagram.com\/pagesmodeofficiel\/"]},{"@type":"Person","@id":"https:\/\/www.pagesmode.com\/actu\/#\/schema\/person\/cc650be0c19b7f8f5c667d0020f00eb0","name":"Th\u00e9r\u00e8se","image":{"@type":"ImageObject","inLanguage":"fr-FR","@id":"https:\/\/www.pagesmode.com\/actu\/#\/schema\/person\/image\/","url":"https:\/\/secure.gravatar.com\/avatar\/4ee38301b735d0c9f7a3d408a27a19d6052a491e440bde3b47f9bfd948ad5598?s=96&d=mm&r=g","contentUrl":"https:\/\/secure.gravatar.com\/avatar\/4ee38301b735d0c9f7a3d408a27a19d6052a491e440bde3b47f9bfd948ad5598?s=96&d=mm&r=g","caption":"Th\u00e9r\u00e8se"},"url":"https:\/\/www.pagesmode.com\/actu\/author\/therese\/"}]}},"jetpack_sharing_enabled":true,"jetpack_featured_media_url":"https:\/\/www.pagesmode.com\/actu\/wp-content\/uploads\/2026\/04\/WHO-MADE-MY-CLOTHES-.jpg","jetpack-related-posts":[],"_links":{"self":[{"href":"https:\/\/www.pagesmode.com\/actu\/wp-json\/wp\/v2\/posts\/752","targetHints":{"allow":["GET"]}}],"collection":[{"href":"https:\/\/www.pagesmode.com\/actu\/wp-json\/wp\/v2\/posts"}],"about":[{"href":"https:\/\/www.pagesmode.com\/actu\/wp-json\/wp\/v2\/types\/post"}],"author":[{"embeddable":true,"href":"https:\/\/www.pagesmode.com\/actu\/wp-json\/wp\/v2\/users\/2"}],"replies":[{"embeddable":true,"href":"https:\/\/www.pagesmode.com\/actu\/wp-json\/wp\/v2\/comments?post=752"}],"version-history":[{"count":17,"href":"https:\/\/www.pagesmode.com\/actu\/wp-json\/wp\/v2\/posts\/752\/revisions"}],"predecessor-version":[{"id":789,"href":"https:\/\/www.pagesmode.com\/actu\/wp-json\/wp\/v2\/posts\/752\/revisions\/789"}],"wp:featuredmedia":[{"embeddable":true,"href":"https:\/\/www.pagesmode.com\/actu\/wp-json\/wp\/v2\/media\/753"}],"wp:attachment":[{"href":"https:\/\/www.pagesmode.com\/actu\/wp-json\/wp\/v2\/media?parent=752"}],"wp:term":[{"taxonomy":"category","embeddable":true,"href":"https:\/\/www.pagesmode.com\/actu\/wp-json\/wp\/v2\/categories?post=752"},{"taxonomy":"post_tag","embeddable":true,"href":"https:\/\/www.pagesmode.com\/actu\/wp-json\/wp\/v2\/tags?post=752"}],"curies":[{"name":"wp","href":"https:\/\/api.w.org\/{rel}","templated":true}]}}