{"id":773,"date":"2026-04-28T15:30:02","date_gmt":"2026-04-28T14:30:02","guid":{"rendered":"https:\/\/www.pagesmode.com\/actu\/?p=773"},"modified":"2026-04-28T15:30:04","modified_gmt":"2026-04-28T14:30:04","slug":"lindetronable-jean-pourquoi-les-marques-misent-tout-sur-lui","status":"publish","type":"post","link":"https:\/\/www.pagesmode.com\/actu\/lindetronable-jean-pourquoi-les-marques-misent-tout-sur-lui\/","title":{"rendered":"L\u2019ind\u00e9tr\u00f4nable Jean : pourquoi les marques misent tout sur lui ?"},"content":{"rendered":"\n<p>Le <strong>jean<\/strong>, c&rsquo;est la pi\u00e8ce qu&rsquo;on croit conna\u00eetre par c\u0153ur. Et pourtant,\u00a0elle\u00a0ne cesse de nous <strong>surprendre<\/strong>, de se <strong>vendre<\/strong> et de se <strong>r\u00e9inventer<\/strong> saison apr\u00e8s saison. D\u00e9cryptage d&rsquo;une tendance qui n&rsquo;a pas fini de faire parler d&rsquo;elle.\u00a0<\/p>\n\n\n\n<h2 class=\"wp-block-heading has-large-font-size\"><strong>Le jean, un basique devenu machine \u00e0 vendre<\/strong>&nbsp;<\/h2>\n\n\n\n<p>Soyons honn\u00eates, quand on pense jean, on pense \u00ab\u00a0basique\u00a0\u00bb. La&nbsp;pi\u00e8ce&nbsp;qu&rsquo;on attrape sans r\u00e9fl\u00e9chir, qu&rsquo;on porte partout, du brunch du dimanche au bureau du lundi. Mais c&rsquo;est pr\u00e9cis\u00e9ment l\u00e0 que r\u00e9side son <strong>g\u00e9nie<\/strong> et sa force&nbsp;par rapport \u00e0 toutes les autres. Le denim n&rsquo;est pas un basique ordinaire, il est <strong>universel<\/strong>. Il traverse les \u00e2ges, les genres, les codes sociaux, les fronti\u00e8res g\u00e9ographiques. Et pour les marques, c&rsquo;est une <strong>mine d&rsquo;or<\/strong> \u00e0 ciel ouvert.&nbsp;<\/p>\n\n\n\n<p>Les <strong>chiffres<\/strong> ne mentent pas. Selon\u00a0<strong><em>Spherical\u00a0Insights<\/em><\/strong>, le march\u00e9 mondial du denim repr\u00e9sentait en 2021 18,1 milliards de dollars, avec une trajectoire qui le propulse \u00e0 29,4 milliards de dollars en 2030. Soit une <strong>croissance<\/strong> de 62,4 % en moins de dix ans. On ne parle pas d&rsquo;une tendance passag\u00e8re, on parle d&rsquo;un <strong>march\u00e9 structurel<\/strong>, robuste, qui r\u00e9siste aux crises \u00e9conomiques et aux humeurs des consommateurs.\u00a0<\/p>\n\n\n\n<p>Ce qui rend cette pi\u00e8ce aussi puissante commercialement, c&rsquo;est sa capacit\u00e9 \u00e0 se <strong>segmenter<\/strong> \u00e0 l&rsquo;infini. Jean slim pour le bureau,&nbsp;wide&nbsp;leg pour le week-end,&nbsp;low-rise&nbsp;pour sortir,&nbsp;carpenter&nbsp;pant pour le streetwear&#8230; Chaque coupe cible un <strong>style de vie<\/strong>, une humeur, une g\u00e9n\u00e9ration. Du mass-market&nbsp;accessible au <strong>denim premium<\/strong>, la fili\u00e8re s&rsquo;adapte \u00e0 tous les budgets.<\/p>\n\n\n\n<h2 class=\"wp-block-heading has-large-font-size\"><strong>Un support id\u00e9al pour raconter une marque<\/strong>&nbsp;<\/h2>\n\n\n\n<p>Au-del\u00e0 des chiffres, le denim poss\u00e8de quelque chose que peu de mati\u00e8res ont : une charge <strong>symbolique<\/strong> immense. Il porte avec lui l&rsquo;<strong>Am\u00e9rique ouvri\u00e8re<\/strong> des ann\u00e9es 50, la r\u00e9bellion rock des sixties, le grunge des nineties, la nostalgie douce-am\u00e8re des ann\u00e9es 2000. Pour une marque, surfer sur ce <strong>basique universel<\/strong>, c&rsquo;est&nbsp;s&rsquo;approprier un langage visuel pr\u00eat \u00e0 l&#8217;emploi, puissant, reconnaissable, charg\u00e9 d&rsquo;histoire. Autrement dit, un <strong>storytelling<\/strong> qui existe d\u00e9j\u00e0. Il n&rsquo;y a plus qu&rsquo;\u00e0 s&rsquo;y glisser.&nbsp;<\/p>\n\n\n\n<h2 class=\"wp-block-heading has-large-font-size\"><strong>L&rsquo;h\u00e9ritage comme argument de vente<\/strong>&nbsp;<\/h2>\n\n\n\n<p>Prenez&nbsp;<em><strong>Levi&rsquo;s<\/strong><\/em>. La marque ne vend pas juste un jean, elle vend&nbsp;<em>le<\/em>&nbsp;jean. Le 501 original, le denim brut non lav\u00e9, les rivets en cuivre. <strong>Levi Strauss<\/strong> capitalise sur la tendance jean intemporel pour renforcer son positionnement de \u00ab\u00a0<strong>denim lifestyle brand&nbsp;<\/strong>\u00bb. Une promesse d&rsquo;authenticit\u00e9, de durabilit\u00e9, de retour aux sources. Dans un monde satur\u00e9 de fast fashion et de tendances \u00e9ph\u00e9m\u00e8res, cet <strong>h\u00e9ritage<\/strong> devient un luxe en soi et les consommateurs sont pr\u00eats \u00e0 payer pour \u00e7a.&nbsp;<\/p>\n\n\n\n<p>M\u00eame logique chez <strong><em>Calvin Klein<\/em><\/strong>, qui r\u00e9active son <strong>ADN historique<\/strong> autour du denim et de l&rsquo;underwear, deux pi\u00e8ces iconiques construites depuis les <strong>ann\u00e9es 80<\/strong>. Revenir au denim, c&rsquo;est revenir \u00e0 ce qui a fond\u00e9 la marque, un acte de repositionnement strat\u00e9gique parfaitement calibr\u00e9 pour reconqu\u00e9rir une <strong>nouvelle g\u00e9n\u00e9ration<\/strong> port\u00e9e par cette pi\u00e8ce iconique premium.&nbsp;<\/p>\n\n\n\n<figure class=\"wp-block-image size-large\"><img loading=\"lazy\" decoding=\"async\" width=\"1024\" height=\"607\" src=\"https:\/\/www.pagesmode.com\/actu\/wp-content\/uploads\/2026\/04\/CK-ok-1024x607.png\" alt=\"Campagne publicitaire pour la marque Calvin Klein pour relancer la tendance jean \" class=\"wp-image-776\" srcset=\"https:\/\/www.pagesmode.com\/actu\/wp-content\/uploads\/2026\/04\/CK-ok-1024x607.png 1024w, https:\/\/www.pagesmode.com\/actu\/wp-content\/uploads\/2026\/04\/CK-ok-300x178.png 300w, https:\/\/www.pagesmode.com\/actu\/wp-content\/uploads\/2026\/04\/CK-ok-768x455.png 768w, https:\/\/www.pagesmode.com\/actu\/wp-content\/uploads\/2026\/04\/CK-ok-1536x910.png 1536w, https:\/\/www.pagesmode.com\/actu\/wp-content\/uploads\/2026\/04\/CK-ok.png 1772w\" sizes=\"auto, (max-width: 1024px) 100vw, 1024px\" \/><figcaption class=\"wp-element-caption\"><em>\u00a9<a href=\"https:\/\/www.calvinklein.fr\/?cmpid=ch:cpc%7Cso:google%7Cca:calvin%20klein%7Ccr:804327913399%7Clb:17753686712%7Cag:198269838714%7Cpi:kwd-11661971&amp;gclsrc=aw.ds&amp;&amp;utm_source=google&amp;utm_medium=cpc&amp;utm_campaign=17753686712&amp;utm_id=17753686712&amp;utm_term=calvin%20klein&amp;utm_content=198269838714&amp;utm_source_platform=g&amp;gad_source=1&amp;gad_campaignid=17753686712&amp;gbraid=0AAAAADidgY71h7y8ZKcs4qw9yQ7Kv6DXg&amp;gclid=CjwKCAjwwJzPBhBREiwAJfHRnfuRgsFvf2v0D5gq6RpOKnAuqjV4SuKYYBocoQ4t2AK6se5r59Kc6xoCGzcQAvD_BwE\">Calvin Klein<\/a>, campagne publicitaire sortie en 1993 avec Mark Wahlberg et Kate Moss<\/em><\/figcaption><\/figure>\n\n\n\n<p>Mais le storytelling par le denim n&rsquo;est pas r\u00e9serv\u00e9 aux g\u00e9ants am\u00e9ricains. Des marques comme <strong><em>G-Star Raw<\/em><\/strong> jouent sur l&rsquo;expertise technique et la coupe architectur\u00e9e. Quand <strong><em>Nudie Jeans <\/em><\/strong>fait de la transparence et de la r\u00e9parabilit\u00e9 des arguments de marque \u00e0 part enti\u00e8re, chaque jean livr\u00e9 avec un kit de r\u00e9paration. <strong><em>Edwin<\/em><\/strong>, h\u00e9ritier du denim japonais, mise quant \u00e0 lui sur un savoir-faire selvedge ultra-pr\u00e9cis qui parle autant aux connaisseurs qu&rsquo;aux amateurs de pi\u00e8ces durables.<\/p>\n\n\n\n<h2 class=\"wp-block-heading has-large-font-size\"><strong>Le denim comme outil de relance cr\u00e9ative<\/strong><\/h2>\n\n\n\n<p>Pour une marque en qu\u00eate de <strong><em>second souffle<\/em><\/strong>, le denim est souvent le premier levier activ\u00e9. Il permet de <strong>moderniser<\/strong> une image sans tout chambouler. On change la coupe, on joue sur le lavage, on croise les genres et la collection prend un coup de jeune sans trahir son <strong>ADN<\/strong>. Le retour du low-rise, des silhouettes larges et du brut ces derni\u00e8res saisons n&rsquo;est pas un hasard. Ce sont des marqueurs <strong>stylistiques<\/strong> forts qui permettent de signaler un renouveau sans repartir de z\u00e9ro.<\/p>\n\n\n\n<h2 class=\"wp-block-heading has-large-font-size\"><strong>La promesse du corps remodel\u00e9 : un argument aussi vieux que le jean lui-m\u00eame<\/strong><\/h2>\n\n\n\n<p>Il y a un angle souvent sous-estim\u00e9 dans la strat\u00e9gie denim des marques : la <strong>promesse morphologique<\/strong>. Depuis des d\u00e9cennies, le jean n&rsquo;est pas vendu comme un simple v\u00eatement mais comme un outil de <strong>transformation silhouette<\/strong>. Des fesses plus <strong>galb\u00e9es<\/strong>, des jambes visuellement <strong>allong\u00e9es<\/strong>, une taille <strong>affin\u00e9e<\/strong>,&nbsp; autant de b\u00e9n\u00e9fices que les marques int\u00e8grent d\u00e9sormais directement dans le nom de leurs lignes.<\/p>\n\n\n\n<p><strong><em>Salsa Jeans<\/em><\/strong> a construit une vraie r\u00e9putation autour de ses mod\u00e8les push-up avec des gammes qui parlent d&rsquo;elles-m\u00eames d\u00e8s l&rsquo;\u00e9tiquette. <strong><em>Pepe Jeans<\/em><\/strong> ou encore <strong><em>Garcia Jeans<\/em><\/strong> int\u00e8grent r\u00e9guli\u00e8rement dans leurs collections des coupes \u00ab\u00a0sculptantes\u00a0\u00bb ou \u00ab\u00a0gainantes\u00a0\u00bb qui jouent sur la hauteur de la taille arri\u00e8re, le positionnement des poches et l&rsquo;\u00e9lasticit\u00e9 du tissu. Ce ne sont pas des gadgets, ce sont des <strong>arguments <\/strong>de vente puissants, qui r\u00e9pondent \u00e0 une <strong>demande r\u00e9elle <\/strong>et qui fid\u00e9lisent une client\u00e8le cherchant \u00e0 la fois du style et du confort. Le jean est peut-\u00eatre la seule pi\u00e8ce du vestiaire qui promet autant sur le plan physique et qui tient souvent ses promesses.<\/p>\n\n\n\n<h2 class=\"wp-block-heading has-large-font-size\"><strong> Comment le denim se r\u00e9invente vraiment<\/strong><\/h2>\n\n\n\n<p>Si la tendance jean survit \u00e0 tout depuis plus d&rsquo;un si\u00e8cle, c&rsquo;est parce qu&rsquo;elle sait <strong>muter<\/strong>. Et aujourd&rsquo;hui, cette capacit\u00e9 de r\u00e9invention est plus visible que jamais, port\u00e9e par la cr\u00e9ativit\u00e9 des designers, la pression environnementale et le pouvoir amplifiant des r\u00e9seaux sociaux.<\/p>\n\n\n\n<h2 class=\"wp-block-heading has-large-font-size\"><strong>Le durable : du discours \u00e0 l&rsquo;action<\/strong><\/h2>\n\n\n\n<p>Le denim classique est historiquement l&rsquo;une des productions textiles les plus <strong>gourmandes<\/strong> en eau et en produits chimiques. Mais la fili\u00e8re se transforme, et vite. Les marques investissent dans des proc\u00e9d\u00e9s de teinture \u00e0 sec, des fils recycl\u00e9s, des lavages \u00e9co-con\u00e7us. Le <strong>durable<\/strong> n&rsquo;est plus un argument marketing de niche, c&rsquo;est devenu une <strong>attente<\/strong> consommateur \u00e0 part enti\u00e8re, particuli\u00e8rement chez les 18-35 ans, qui veulent consommer mieux sans renoncer \u00e0 ce qu&rsquo;ils aiment. <strong><em>Nudie Jeans<\/em><\/strong> en a fait son positionnement central, avec une politique de <strong>r\u00e9paration<\/strong> gratuite \u00e0 vie et une tra\u00e7abilit\u00e9 totale de sa cha\u00eene de production. Des labels comme Denim Studio ou School Rag surfent sur la proximit\u00e9 et la customisation pour proposer un denim <strong>ancr\u00e9 localement<\/strong>.<\/p>\n\n\n\n<h3 class=\"wp-block-heading has-large-font-size\"><strong>Le jean comme toile d&rsquo;artiste<\/strong><\/h3>\n\n\n\n<p>Le jean n&rsquo;est plus seulement un pantalon. Il devient veste, robe, corset, manteau, sac, chapeau, combinaison. Les cr\u00e9ateurs s&rsquo;en emparent comme d&rsquo;<strong>une mati\u00e8re \u00e0 sculpter<\/strong> : d\u00e9lav\u00e9, d\u00e9chir\u00e9, brod\u00e9, peint, d\u00e9construit, superpos\u00e9. Sur les podiums comme dans les rues, le <strong>total denim<\/strong> s&rsquo;impose comme la tendance jean ultime, une v\u00e9ritable d\u00e9claration de style. Et sur TikTok, les DIY denim explosent en millions de vues, preuve que la mati\u00e8re inspire autant les amateurs passionn\u00e9s que les professionnels aguerris.<\/p>\n\n\n\n<figure class=\"wp-block-image size-large\"><img loading=\"lazy\" decoding=\"async\" width=\"1024\" height=\"607\" src=\"https:\/\/www.pagesmode.com\/actu\/wp-content\/uploads\/2026\/04\/jeans-ok-sans-fond--1024x607.png\" alt=\"Jean utilis\u00e9 de diff\u00e9rente mani\u00e8re, tendance jean qui d\u00e9passe le simple v\u00eatement \n\" class=\"wp-image-779\" srcset=\"https:\/\/www.pagesmode.com\/actu\/wp-content\/uploads\/2026\/04\/jeans-ok-sans-fond--1024x607.png 1024w, https:\/\/www.pagesmode.com\/actu\/wp-content\/uploads\/2026\/04\/jeans-ok-sans-fond--300x178.png 300w, https:\/\/www.pagesmode.com\/actu\/wp-content\/uploads\/2026\/04\/jeans-ok-sans-fond--768x455.png 768w, https:\/\/www.pagesmode.com\/actu\/wp-content\/uploads\/2026\/04\/jeans-ok-sans-fond--1536x910.png 1536w, https:\/\/www.pagesmode.com\/actu\/wp-content\/uploads\/2026\/04\/jeans-ok-sans-fond-.png 1772w\" sizes=\"auto, (max-width: 1024px) 100vw, 1024px\" \/><figcaption class=\"wp-element-caption\"><em>\u00a9Magazine GOODMOODS l 1. Bless : produit de nettoyage recouvert de jean, 2. Jacquemus : Mules Goia, 3. Bless : aspirateur recouvert de jean<\/em><\/figcaption><\/figure>\n\n\n\n<h3 class=\"wp-block-heading has-large-font-size\"><strong>Quand le jean fait pol\u00e9mique : l&rsquo;affaire American Eagle x Sydney Sweeney<\/strong><\/h3>\n\n\n\n<p>La puissance de cet incontournable, c&rsquo;est aussi sa capacit\u00e9 \u00e0 d\u00e9clencher des <strong>conversations<\/strong> bien au-del\u00e0 de la mode. L&rsquo;\u00e9t\u00e9 2025 en a donn\u00e9 une illustration saisissante. <strong><em>American Eagle<\/em><\/strong> lan\u00e7ait une campagne mettant en sc\u00e8ne l&rsquo;actrice Sydney Sweeney, blonde aux yeux bleus, autour du slogan jouant sur l&rsquo;ambigu\u00eft\u00e9 entre \u00ab\u00a0g\u00e8nes\u00a0\u00bb et \u00ab\u00a0jeans\u00a0\u00bb : \u00ab\u00a0Sydney Sweeney a des g\u00e8nes exceptionnels.\u00a0\u00bb La campagne a d\u00e9clench\u00e9 une vive <strong>controverse<\/strong> sur Internet. Certains y ont vu la promotion de standards f\u00e9minins et de supr\u00e9matie blanche. D&rsquo;autres ont salu\u00e9 au contraire une publicit\u00e9 \u00ab\u00a0anti-woke\u00a0\u00bb. Mais les chiffres ont tranch\u00e9, selon LaReclame la valeur de l&rsquo;action AE Outfitters a bondi de plus de 80 % entre avril 2025 et avril 2026, et les revenus globaux de la marque ont atteint 5,5 milliards de dollars en 2025. Preuve, s&rsquo;il en fallait une, que dans le denim comme ailleurs, le <strong>bad buzz<\/strong> ma\u00eetris\u00e9 peut devenir une strat\u00e9gie \u00e0 part enti\u00e8re. La suite ? Une deuxi\u00e8me campagne estivale baptis\u00e9e \u00ab\u00a0Syd for short\u00a0\u00bb, sortie en avril 2026, qui s&rsquo;amuse malicieusement \u00e0 rejouer la <strong>pol\u00e9mique<\/strong> comme si la marque avait parfaitement int\u00e9gr\u00e9 la le\u00e7on. Dans la tendance jean, m\u00eame le scandale se recycle.<\/p>\n\n\n\n<figure class=\"wp-block-image size-large\"><img loading=\"lazy\" decoding=\"async\" width=\"1024\" height=\"607\" src=\"https:\/\/www.pagesmode.com\/actu\/wp-content\/uploads\/2026\/04\/ss-ok-1024x607.png\" alt=\"Campagne publicitaire pour American Eagle, sur la tendance jean \" class=\"wp-image-777\" srcset=\"https:\/\/www.pagesmode.com\/actu\/wp-content\/uploads\/2026\/04\/ss-ok-1024x607.png 1024w, https:\/\/www.pagesmode.com\/actu\/wp-content\/uploads\/2026\/04\/ss-ok-300x178.png 300w, https:\/\/www.pagesmode.com\/actu\/wp-content\/uploads\/2026\/04\/ss-ok-768x455.png 768w, https:\/\/www.pagesmode.com\/actu\/wp-content\/uploads\/2026\/04\/ss-ok-1536x910.png 1536w, https:\/\/www.pagesmode.com\/actu\/wp-content\/uploads\/2026\/04\/ss-ok.png 1772w\" sizes=\"auto, (max-width: 1024px) 100vw, 1024px\" \/><figcaption class=\"wp-element-caption\">\u00a9American Eagle, campagne publicitaire sortie en 2025 avec Sydney Sweeney<\/figcaption><\/figure>\n\n\n\n<h2 class=\"wp-block-heading has-large-font-size\"><strong>La viralit\u00e9 naturelle, moteur de la tendance jean sur les r\u00e9seaux<\/strong><\/h2>\n\n\n\n<p>C&rsquo;est peut-\u00eatre l\u00e0 que la tendance jean d\u00e9montre le mieux sa <strong>modernit\u00e9<\/strong>. Dans sa capacit\u00e9 \u00e0 g\u00e9n\u00e9rer du contenu viral de fa\u00e7on organique. Un jean wide leg bien styl\u00e9, un double denim assum\u00e9, un brut port\u00e9 avec des talons, ces looks font le tour des r\u00e9seaux. Le denim est <strong>photog\u00e9nique<\/strong>, <strong>universel<\/strong> et <strong>r\u00e9interpr\u00e9table<\/strong>. N&rsquo;importe qui peut se l&rsquo;approprier et cr\u00e9er quelque chose de nouveau. Pour les marques, c&rsquo;est une machine \u00e0 engagement gratuite et in\u00e9puisable.<\/p>\n\n\n\n<p>En r\u00e9sum\u00e9, si le jean est partout dans les collections, c&rsquo;est bien loin d&rsquo;\u00eatre un manque d&rsquo;imagination. C&rsquo;est un <strong>choix strat\u00e9gique<\/strong>, <strong>culturel<\/strong> et <strong>commercial<\/strong>. Une valeur s\u00fbre qui reste un terrain de jeu. Un ancrage dans l&rsquo;histoire qui ouvre sur le futur. Et \u00e7a, dans la mode, \u00e7a vaut de l&rsquo;or ou plut\u00f4t, de l&rsquo;indigo.<\/p>\n\n\n\n<p>Nina Silva l <a href=\"https:\/\/www.pagesmode.com\">PagesMode <\/a><\/p>\n","protected":false},"excerpt":{"rendered":"<p>Le jean, c&rsquo;est la pi\u00e8ce qu&rsquo;on croit conna\u00eetre par c\u0153ur. Et pourtant,\u00a0elle\u00a0ne cesse de nous surprendre, de se vendre et de se r\u00e9inventer saison apr\u00e8s saison. D\u00e9cryptage d&rsquo;une tendance qui n&rsquo;a pas fini de faire parler d&rsquo;elle.\u00a0 Le jean, un basique devenu machine \u00e0 vendre&nbsp; Soyons honn\u00eates, quand on pense jean, on pense \u00ab\u00a0basique\u00a0\u00bb. La&nbsp;pi\u00e8ce&nbsp;qu&rsquo;on [&hellip;]<\/p>\n","protected":false},"author":2,"featured_media":774,"comment_status":"open","ping_status":"open","sticky":false,"template":"","format":"standard","meta":{"_jetpack_memberships_contains_paid_content":false,"footnotes":""},"categories":[1],"tags":[],"class_list":["post-773","post","type-post","status-publish","format-standard","has-post-thumbnail","hentry","category-uncategorized"],"yoast_head":"<!-- This site is optimized with the Yoast SEO plugin v24.0 - https:\/\/yoast.com\/wordpress\/plugins\/seo\/ -->\n<title>Tendance jean : pourquoi toutes les marques misent sur le denim<\/title>\n<meta name=\"description\" content=\"Le jean est intemporel et ne cesse de se r\u00e9inventer. C\u2019est la pi\u00e8ce que tout le monde porte. Pourquoi les marques misent sur le Denim ?\" \/>\n<meta name=\"robots\" content=\"index, follow, max-snippet:-1, max-image-preview:large, max-video-preview:-1\" \/>\n<link rel=\"canonical\" href=\"https:\/\/www.pagesmode.com\/actu\/lindetronable-jean-pourquoi-les-marques-misent-tout-sur-lui\/\" \/>\n<meta property=\"og:locale\" content=\"fr_FR\" \/>\n<meta property=\"og:type\" content=\"article\" \/>\n<meta property=\"og:title\" content=\"Tendance jean : pourquoi toutes les marques misent sur le denim\" \/>\n<meta property=\"og:description\" content=\"Le jean est intemporel et ne cesse de se r\u00e9inventer. C\u2019est la pi\u00e8ce que tout le monde porte. Pourquoi les marques misent sur le Denim ?\" \/>\n<meta property=\"og:url\" content=\"https:\/\/www.pagesmode.com\/actu\/lindetronable-jean-pourquoi-les-marques-misent-tout-sur-lui\/\" \/>\n<meta property=\"og:site_name\" content=\"Blog PagesMode\" \/>\n<meta property=\"article:published_time\" content=\"2026-04-28T14:30:02+00:00\" \/>\n<meta property=\"article:modified_time\" content=\"2026-04-28T14:30:04+00:00\" \/>\n<meta property=\"og:image\" content=\"https:\/\/www.pagesmode.com\/actu\/wp-content\/uploads\/2026\/04\/Couv-artcl-jean-.png\" \/>\n\t<meta property=\"og:image:width\" content=\"1772\" \/>\n\t<meta property=\"og:image:height\" content=\"1050\" \/>\n\t<meta property=\"og:image:type\" content=\"image\/png\" \/>\n<meta name=\"author\" content=\"Th\u00e9r\u00e8se\" \/>\n<meta name=\"twitter:card\" content=\"summary_large_image\" \/>\n<meta name=\"twitter:label1\" content=\"\u00c9crit par\" \/>\n\t<meta name=\"twitter:data1\" content=\"Th\u00e9r\u00e8se\" \/>\n\t<meta name=\"twitter:label2\" content=\"Dur\u00e9e de lecture estim\u00e9e\" \/>\n\t<meta name=\"twitter:data2\" content=\"9 minutes\" \/>\n<script type=\"application\/ld+json\" class=\"yoast-schema-graph\">{\"@context\":\"https:\/\/schema.org\",\"@graph\":[{\"@type\":\"Article\",\"@id\":\"https:\/\/www.pagesmode.com\/actu\/lindetronable-jean-pourquoi-les-marques-misent-tout-sur-lui\/#article\",\"isPartOf\":{\"@id\":\"https:\/\/www.pagesmode.com\/actu\/lindetronable-jean-pourquoi-les-marques-misent-tout-sur-lui\/\"},\"author\":{\"name\":\"Th\u00e9r\u00e8se\",\"@id\":\"https:\/\/www.pagesmode.com\/actu\/#\/schema\/person\/cc650be0c19b7f8f5c667d0020f00eb0\"},\"headline\":\"L\u2019ind\u00e9tr\u00f4nable Jean : pourquoi les marques misent tout sur lui ?\",\"datePublished\":\"2026-04-28T14:30:02+00:00\",\"dateModified\":\"2026-04-28T14:30:04+00:00\",\"mainEntityOfPage\":{\"@id\":\"https:\/\/www.pagesmode.com\/actu\/lindetronable-jean-pourquoi-les-marques-misent-tout-sur-lui\/\"},\"wordCount\":1662,\"commentCount\":0,\"publisher\":{\"@id\":\"https:\/\/www.pagesmode.com\/actu\/#organization\"},\"image\":{\"@id\":\"https:\/\/www.pagesmode.com\/actu\/lindetronable-jean-pourquoi-les-marques-misent-tout-sur-lui\/#primaryimage\"},\"thumbnailUrl\":\"https:\/\/www.pagesmode.com\/actu\/wp-content\/uploads\/2026\/04\/Couv-artcl-jean-.png\",\"articleSection\":[\"Uncategorized\"],\"inLanguage\":\"fr-FR\",\"potentialAction\":[{\"@type\":\"CommentAction\",\"name\":\"Comment\",\"target\":[\"https:\/\/www.pagesmode.com\/actu\/lindetronable-jean-pourquoi-les-marques-misent-tout-sur-lui\/#respond\"]}]},{\"@type\":\"WebPage\",\"@id\":\"https:\/\/www.pagesmode.com\/actu\/lindetronable-jean-pourquoi-les-marques-misent-tout-sur-lui\/\",\"url\":\"https:\/\/www.pagesmode.com\/actu\/lindetronable-jean-pourquoi-les-marques-misent-tout-sur-lui\/\",\"name\":\"Tendance jean : pourquoi toutes les marques misent sur le denim\",\"isPartOf\":{\"@id\":\"https:\/\/www.pagesmode.com\/actu\/#website\"},\"primaryImageOfPage\":{\"@id\":\"https:\/\/www.pagesmode.com\/actu\/lindetronable-jean-pourquoi-les-marques-misent-tout-sur-lui\/#primaryimage\"},\"image\":{\"@id\":\"https:\/\/www.pagesmode.com\/actu\/lindetronable-jean-pourquoi-les-marques-misent-tout-sur-lui\/#primaryimage\"},\"thumbnailUrl\":\"https:\/\/www.pagesmode.com\/actu\/wp-content\/uploads\/2026\/04\/Couv-artcl-jean-.png\",\"datePublished\":\"2026-04-28T14:30:02+00:00\",\"dateModified\":\"2026-04-28T14:30:04+00:00\",\"description\":\"Le jean est intemporel et ne cesse de se r\u00e9inventer. C\u2019est la pi\u00e8ce que tout le monde porte. Pourquoi les marques misent sur le Denim ?\",\"breadcrumb\":{\"@id\":\"https:\/\/www.pagesmode.com\/actu\/lindetronable-jean-pourquoi-les-marques-misent-tout-sur-lui\/#breadcrumb\"},\"inLanguage\":\"fr-FR\",\"potentialAction\":[{\"@type\":\"ReadAction\",\"target\":[\"https:\/\/www.pagesmode.com\/actu\/lindetronable-jean-pourquoi-les-marques-misent-tout-sur-lui\/\"]}]},{\"@type\":\"ImageObject\",\"inLanguage\":\"fr-FR\",\"@id\":\"https:\/\/www.pagesmode.com\/actu\/lindetronable-jean-pourquoi-les-marques-misent-tout-sur-lui\/#primaryimage\",\"url\":\"https:\/\/www.pagesmode.com\/actu\/wp-content\/uploads\/2026\/04\/Couv-artcl-jean-.png\",\"contentUrl\":\"https:\/\/www.pagesmode.com\/actu\/wp-content\/uploads\/2026\/04\/Couv-artcl-jean-.png\",\"width\":1772,\"height\":1050,\"caption\":\"Visuel collection Samsoe Samsoe jeans, tendance jeans\"},{\"@type\":\"BreadcrumbList\",\"@id\":\"https:\/\/www.pagesmode.com\/actu\/lindetronable-jean-pourquoi-les-marques-misent-tout-sur-lui\/#breadcrumb\",\"itemListElement\":[{\"@type\":\"ListItem\",\"position\":1,\"name\":\"Accueil\",\"item\":\"https:\/\/www.pagesmode.com\/actu\/\"},{\"@type\":\"ListItem\",\"position\":2,\"name\":\"L\u2019ind\u00e9tr\u00f4nable Jean : pourquoi les marques misent tout sur lui ?\"}]},{\"@type\":\"WebSite\",\"@id\":\"https:\/\/www.pagesmode.com\/actu\/#website\",\"url\":\"https:\/\/www.pagesmode.com\/actu\/\",\"name\":\"PagesMode Actu\",\"description\":\"\",\"publisher\":{\"@id\":\"https:\/\/www.pagesmode.com\/actu\/#organization\"},\"potentialAction\":[{\"@type\":\"SearchAction\",\"target\":{\"@type\":\"EntryPoint\",\"urlTemplate\":\"https:\/\/www.pagesmode.com\/actu\/?s={search_term_string}\"},\"query-input\":{\"@type\":\"PropertyValueSpecification\",\"valueRequired\":true,\"valueName\":\"search_term_string\"}}],\"inLanguage\":\"fr-FR\"},{\"@type\":\"Organization\",\"@id\":\"https:\/\/www.pagesmode.com\/actu\/#organization\",\"name\":\"PagesMode Actu\",\"url\":\"https:\/\/www.pagesmode.com\/actu\/\",\"logo\":{\"@type\":\"ImageObject\",\"inLanguage\":\"fr-FR\",\"@id\":\"https:\/\/www.pagesmode.com\/actu\/#\/schema\/logo\/image\/\",\"url\":\"https:\/\/www.pagesmode.com\/actu\/wp-content\/uploads\/2026\/04\/logo-pm-ivoire.png\",\"contentUrl\":\"https:\/\/www.pagesmode.com\/actu\/wp-content\/uploads\/2026\/04\/logo-pm-ivoire.png\",\"width\":2400,\"height\":1500,\"caption\":\"PagesMode Actu\"},\"image\":{\"@id\":\"https:\/\/www.pagesmode.com\/actu\/#\/schema\/logo\/image\/\"},\"sameAs\":[\"https:\/\/www.instagram.com\/pagesmodeofficiel\/\"]},{\"@type\":\"Person\",\"@id\":\"https:\/\/www.pagesmode.com\/actu\/#\/schema\/person\/cc650be0c19b7f8f5c667d0020f00eb0\",\"name\":\"Th\u00e9r\u00e8se\",\"image\":{\"@type\":\"ImageObject\",\"inLanguage\":\"fr-FR\",\"@id\":\"https:\/\/www.pagesmode.com\/actu\/#\/schema\/person\/image\/\",\"url\":\"https:\/\/secure.gravatar.com\/avatar\/4ee38301b735d0c9f7a3d408a27a19d6052a491e440bde3b47f9bfd948ad5598?s=96&d=mm&r=g\",\"contentUrl\":\"https:\/\/secure.gravatar.com\/avatar\/4ee38301b735d0c9f7a3d408a27a19d6052a491e440bde3b47f9bfd948ad5598?s=96&d=mm&r=g\",\"caption\":\"Th\u00e9r\u00e8se\"},\"url\":\"https:\/\/www.pagesmode.com\/actu\/author\/therese\/\"}]}<\/script>\n<!-- \/ Yoast SEO plugin. -->","yoast_head_json":{"title":"Tendance jean : pourquoi toutes les marques misent sur le denim","description":"Le jean est intemporel et ne cesse de se r\u00e9inventer. C\u2019est la pi\u00e8ce que tout le monde porte. Pourquoi les marques misent sur le Denim ?","robots":{"index":"index","follow":"follow","max-snippet":"max-snippet:-1","max-image-preview":"max-image-preview:large","max-video-preview":"max-video-preview:-1"},"canonical":"https:\/\/www.pagesmode.com\/actu\/lindetronable-jean-pourquoi-les-marques-misent-tout-sur-lui\/","og_locale":"fr_FR","og_type":"article","og_title":"Tendance jean : pourquoi toutes les marques misent sur le denim","og_description":"Le jean est intemporel et ne cesse de se r\u00e9inventer. C\u2019est la pi\u00e8ce que tout le monde porte. Pourquoi les marques misent sur le Denim ?","og_url":"https:\/\/www.pagesmode.com\/actu\/lindetronable-jean-pourquoi-les-marques-misent-tout-sur-lui\/","og_site_name":"Blog PagesMode","article_published_time":"2026-04-28T14:30:02+00:00","article_modified_time":"2026-04-28T14:30:04+00:00","og_image":[{"width":1772,"height":1050,"url":"https:\/\/www.pagesmode.com\/actu\/wp-content\/uploads\/2026\/04\/Couv-artcl-jean-.png","type":"image\/png"}],"author":"Th\u00e9r\u00e8se","twitter_card":"summary_large_image","twitter_misc":{"\u00c9crit par":"Th\u00e9r\u00e8se","Dur\u00e9e de lecture estim\u00e9e":"9 minutes"},"schema":{"@context":"https:\/\/schema.org","@graph":[{"@type":"Article","@id":"https:\/\/www.pagesmode.com\/actu\/lindetronable-jean-pourquoi-les-marques-misent-tout-sur-lui\/#article","isPartOf":{"@id":"https:\/\/www.pagesmode.com\/actu\/lindetronable-jean-pourquoi-les-marques-misent-tout-sur-lui\/"},"author":{"name":"Th\u00e9r\u00e8se","@id":"https:\/\/www.pagesmode.com\/actu\/#\/schema\/person\/cc650be0c19b7f8f5c667d0020f00eb0"},"headline":"L\u2019ind\u00e9tr\u00f4nable Jean : pourquoi les marques misent tout sur lui ?","datePublished":"2026-04-28T14:30:02+00:00","dateModified":"2026-04-28T14:30:04+00:00","mainEntityOfPage":{"@id":"https:\/\/www.pagesmode.com\/actu\/lindetronable-jean-pourquoi-les-marques-misent-tout-sur-lui\/"},"wordCount":1662,"commentCount":0,"publisher":{"@id":"https:\/\/www.pagesmode.com\/actu\/#organization"},"image":{"@id":"https:\/\/www.pagesmode.com\/actu\/lindetronable-jean-pourquoi-les-marques-misent-tout-sur-lui\/#primaryimage"},"thumbnailUrl":"https:\/\/www.pagesmode.com\/actu\/wp-content\/uploads\/2026\/04\/Couv-artcl-jean-.png","articleSection":["Uncategorized"],"inLanguage":"fr-FR","potentialAction":[{"@type":"CommentAction","name":"Comment","target":["https:\/\/www.pagesmode.com\/actu\/lindetronable-jean-pourquoi-les-marques-misent-tout-sur-lui\/#respond"]}]},{"@type":"WebPage","@id":"https:\/\/www.pagesmode.com\/actu\/lindetronable-jean-pourquoi-les-marques-misent-tout-sur-lui\/","url":"https:\/\/www.pagesmode.com\/actu\/lindetronable-jean-pourquoi-les-marques-misent-tout-sur-lui\/","name":"Tendance jean : pourquoi toutes les marques misent sur le denim","isPartOf":{"@id":"https:\/\/www.pagesmode.com\/actu\/#website"},"primaryImageOfPage":{"@id":"https:\/\/www.pagesmode.com\/actu\/lindetronable-jean-pourquoi-les-marques-misent-tout-sur-lui\/#primaryimage"},"image":{"@id":"https:\/\/www.pagesmode.com\/actu\/lindetronable-jean-pourquoi-les-marques-misent-tout-sur-lui\/#primaryimage"},"thumbnailUrl":"https:\/\/www.pagesmode.com\/actu\/wp-content\/uploads\/2026\/04\/Couv-artcl-jean-.png","datePublished":"2026-04-28T14:30:02+00:00","dateModified":"2026-04-28T14:30:04+00:00","description":"Le jean est intemporel et ne cesse de se r\u00e9inventer. C\u2019est la pi\u00e8ce que tout le monde porte. Pourquoi les marques misent sur le Denim ?","breadcrumb":{"@id":"https:\/\/www.pagesmode.com\/actu\/lindetronable-jean-pourquoi-les-marques-misent-tout-sur-lui\/#breadcrumb"},"inLanguage":"fr-FR","potentialAction":[{"@type":"ReadAction","target":["https:\/\/www.pagesmode.com\/actu\/lindetronable-jean-pourquoi-les-marques-misent-tout-sur-lui\/"]}]},{"@type":"ImageObject","inLanguage":"fr-FR","@id":"https:\/\/www.pagesmode.com\/actu\/lindetronable-jean-pourquoi-les-marques-misent-tout-sur-lui\/#primaryimage","url":"https:\/\/www.pagesmode.com\/actu\/wp-content\/uploads\/2026\/04\/Couv-artcl-jean-.png","contentUrl":"https:\/\/www.pagesmode.com\/actu\/wp-content\/uploads\/2026\/04\/Couv-artcl-jean-.png","width":1772,"height":1050,"caption":"Visuel collection Samsoe Samsoe jeans, tendance jeans"},{"@type":"BreadcrumbList","@id":"https:\/\/www.pagesmode.com\/actu\/lindetronable-jean-pourquoi-les-marques-misent-tout-sur-lui\/#breadcrumb","itemListElement":[{"@type":"ListItem","position":1,"name":"Accueil","item":"https:\/\/www.pagesmode.com\/actu\/"},{"@type":"ListItem","position":2,"name":"L\u2019ind\u00e9tr\u00f4nable Jean : pourquoi les marques misent tout sur lui ?"}]},{"@type":"WebSite","@id":"https:\/\/www.pagesmode.com\/actu\/#website","url":"https:\/\/www.pagesmode.com\/actu\/","name":"PagesMode Actu","description":"","publisher":{"@id":"https:\/\/www.pagesmode.com\/actu\/#organization"},"potentialAction":[{"@type":"SearchAction","target":{"@type":"EntryPoint","urlTemplate":"https:\/\/www.pagesmode.com\/actu\/?s={search_term_string}"},"query-input":{"@type":"PropertyValueSpecification","valueRequired":true,"valueName":"search_term_string"}}],"inLanguage":"fr-FR"},{"@type":"Organization","@id":"https:\/\/www.pagesmode.com\/actu\/#organization","name":"PagesMode Actu","url":"https:\/\/www.pagesmode.com\/actu\/","logo":{"@type":"ImageObject","inLanguage":"fr-FR","@id":"https:\/\/www.pagesmode.com\/actu\/#\/schema\/logo\/image\/","url":"https:\/\/www.pagesmode.com\/actu\/wp-content\/uploads\/2026\/04\/logo-pm-ivoire.png","contentUrl":"https:\/\/www.pagesmode.com\/actu\/wp-content\/uploads\/2026\/04\/logo-pm-ivoire.png","width":2400,"height":1500,"caption":"PagesMode Actu"},"image":{"@id":"https:\/\/www.pagesmode.com\/actu\/#\/schema\/logo\/image\/"},"sameAs":["https:\/\/www.instagram.com\/pagesmodeofficiel\/"]},{"@type":"Person","@id":"https:\/\/www.pagesmode.com\/actu\/#\/schema\/person\/cc650be0c19b7f8f5c667d0020f00eb0","name":"Th\u00e9r\u00e8se","image":{"@type":"ImageObject","inLanguage":"fr-FR","@id":"https:\/\/www.pagesmode.com\/actu\/#\/schema\/person\/image\/","url":"https:\/\/secure.gravatar.com\/avatar\/4ee38301b735d0c9f7a3d408a27a19d6052a491e440bde3b47f9bfd948ad5598?s=96&d=mm&r=g","contentUrl":"https:\/\/secure.gravatar.com\/avatar\/4ee38301b735d0c9f7a3d408a27a19d6052a491e440bde3b47f9bfd948ad5598?s=96&d=mm&r=g","caption":"Th\u00e9r\u00e8se"},"url":"https:\/\/www.pagesmode.com\/actu\/author\/therese\/"}]}},"jetpack_sharing_enabled":true,"jetpack_featured_media_url":"https:\/\/www.pagesmode.com\/actu\/wp-content\/uploads\/2026\/04\/Couv-artcl-jean-.png","jetpack-related-posts":[],"_links":{"self":[{"href":"https:\/\/www.pagesmode.com\/actu\/wp-json\/wp\/v2\/posts\/773","targetHints":{"allow":["GET"]}}],"collection":[{"href":"https:\/\/www.pagesmode.com\/actu\/wp-json\/wp\/v2\/posts"}],"about":[{"href":"https:\/\/www.pagesmode.com\/actu\/wp-json\/wp\/v2\/types\/post"}],"author":[{"embeddable":true,"href":"https:\/\/www.pagesmode.com\/actu\/wp-json\/wp\/v2\/users\/2"}],"replies":[{"embeddable":true,"href":"https:\/\/www.pagesmode.com\/actu\/wp-json\/wp\/v2\/comments?post=773"}],"version-history":[{"count":7,"href":"https:\/\/www.pagesmode.com\/actu\/wp-json\/wp\/v2\/posts\/773\/revisions"}],"predecessor-version":[{"id":785,"href":"https:\/\/www.pagesmode.com\/actu\/wp-json\/wp\/v2\/posts\/773\/revisions\/785"}],"wp:featuredmedia":[{"embeddable":true,"href":"https:\/\/www.pagesmode.com\/actu\/wp-json\/wp\/v2\/media\/774"}],"wp:attachment":[{"href":"https:\/\/www.pagesmode.com\/actu\/wp-json\/wp\/v2\/media?parent=773"}],"wp:term":[{"taxonomy":"category","embeddable":true,"href":"https:\/\/www.pagesmode.com\/actu\/wp-json\/wp\/v2\/categories?post=773"},{"taxonomy":"post_tag","embeddable":true,"href":"https:\/\/www.pagesmode.com\/actu\/wp-json\/wp\/v2\/tags?post=773"}],"curies":[{"name":"wp","href":"https:\/\/api.w.org\/{rel}","templated":true}]}}