{"id":791,"date":"2026-04-28T15:24:36","date_gmt":"2026-04-28T14:24:36","guid":{"rendered":"https:\/\/www.pagesmode.com\/actu\/?p=791"},"modified":"2026-04-28T15:24:37","modified_gmt":"2026-04-28T14:24:37","slug":"french-days-une-opportunite-pour-les-commerces-de-mode-independants","status":"publish","type":"post","link":"https:\/\/www.pagesmode.com\/actu\/french-days-une-opportunite-pour-les-commerces-de-mode-independants\/","title":{"rendered":"French Days : une opportunit\u00e9 pour les commerces de mode ind\u00e9pendants ?"},"content":{"rendered":"\n<p><em>Faut-il vraiment y participer quand on est une marque ou une boutique de mode ind\u00e9pendante ?<\/em>&nbsp;<\/p>\n\n\n\n<p>Deux fois par an, les boutiques et marques fran\u00e7aises passent en mode sprint. Les <strong>French Days<\/strong> de printemps ont lieu entre fin avril et d\u00e9but mai, puis reviennent en septembre pour l\u2019\u00e9dition d\u2019automne, un rendez-vous tr\u00e8s attendu par les consommateurs. Pour une grande enseigne dot\u00e9e de marges confortables et d\u2019une \u00e9quipe marketing structur\u00e9e, la question ne se pose pas vraiment. Mais pour un d\u00e9taillant ind\u00e9pendant ou un cr\u00e9ateur de marque, elle m\u00e9rite qu\u2019on s\u2019y attarde. On <strong>d\u00e9crypte<\/strong> tout \u00e7a ensemble.<\/p>\n\n\n\n<h2 class=\"wp-block-heading has-large-font-size\"><strong>Pourquoi les French Days comptent encore<\/strong>&nbsp;<\/h2>\n\n\n\n<p>On pourrait croire que ce type d&rsquo;\u00e9v\u00e9nement promotionnel s&rsquo;essouffle avec le temps. Ce n&rsquo;est pas ce que disent les chiffres. 82 % des Fran\u00e7ais avaient d\u00e9j\u00e0 entendu parler des French Days en 2025 selon YouGov, il s\u2019agit d\u2019une <strong>notori\u00e9t\u00e9<\/strong> qui se construit d&rsquo;\u00e9dition en \u00e9dition. Et le contexte dans lequel ces journ\u00e9es s&rsquo;inscrivent p\u00e8se lourd. Le march\u00e9 fran\u00e7ais du <strong>e-commerce<\/strong> a atteint 196,4 milliards d&rsquo;euros de chiffre d&rsquo;affaires en 2025 selon la FEVAD. Autant dire que l&rsquo;app\u00e9tit des consommateurs pour les achats en ligne ne faiblit pas.\u00a0<\/p>\n\n\n\n<p>Cr\u00e9\u00e9s en <strong>2018<\/strong> par <strong>six<\/strong> pionniers du web : CDiscount, Rue du Commerce, Showroompriv\u00e9, La Redoute, Boulanger et Fnac Darty, les French Days sont n\u00e9s d&rsquo;une volont\u00e9 de contrer le <strong>Black Friday<\/strong> am\u00e9ricain et de <strong>dynamiser<\/strong> le commerce en ligne fran\u00e7ais. Depuis, l&rsquo;\u00e9v\u00e9nement a grandi. Plus de <strong>500 enseignes<\/strong> participent aujourd&rsquo;hui, avec des r\u00e9ductions pouvant atteindre <strong>\u201370 %<\/strong>. La mode y tient une place importante, avec une centaine de marques et enseignes repr\u00e9sent\u00e9es.\u00a0<\/p>\n\n\n\n<p>Pour les ind\u00e9pendants, la vraie question n&rsquo;est pas \u00ab\u00a0est-ce que \u00e7a marche ?\u00a0\u00bb mais \u00ab\u00a0est-ce que \u00e7a marche <em>pour moi<\/em> ?\u00a0\u00bb Et l\u00e0, la r\u00e9ponse est beaucoup plus nuanc\u00e9e.&nbsp;<\/p>\n\n\n\n<h2 class=\"wp-block-heading has-large-font-size\"><strong>Ce que les French Days peuvent apporter \u00e0 une boutique ind\u00e9pendante<\/strong>&nbsp;<\/h2>\n\n\n\n<p>Pour une boutique ind\u00e9pendante, les French Days se situent \u00e0 mi-chemin entre les <strong>ventes priv\u00e9es<\/strong> de nouvelle collection et les <strong>soldes<\/strong> de fin de saison, un cr\u00e9neau id\u00e9al pour mettre en avant des produits tendance qui int\u00e9ressent les consommateurs au bon moment. Selon <a href=\"https:\/\/www.lesclesdelabanque.com\/entreprise\/\">Les Cl\u00e9s de la Banque<\/a>, c&rsquo;est d&rsquo;ailleurs la premi\u00e8re recommandation faite aux commer\u00e7ants qui choisissent de participer : bien <strong>s\u00e9lectionner <\/strong>les r\u00e9f\u00e9rences sur lesquelles proposer des remises, plut\u00f4t que de tout brader sans discernement.\u00a0<\/p>\n\n\n\n<p>L&rsquo;int\u00e9r\u00eat secondaire, et il n&rsquo;est pas n\u00e9gligeable, c&rsquo;est la <strong>g\u00e9n\u00e9ration de trafic<\/strong>. Les Cl\u00e9s de la Banque conseillent d&rsquo;activer une <strong>campagne emailing<\/strong> en amont pour pr\u00e9venir clients et <strong>prospects<\/strong> de sa participation, puis un rappel pendant l&rsquo;\u00e9v\u00e9nement pour maintenir l&rsquo;\u00e9lan. Les<strong> r\u00e9seaux sociaux<\/strong>, en privil\u00e9giant le format vid\u00e9o pour valoriser les produits, compl\u00e8tent efficacement ce dispositif. Pour une boutique avec une communaut\u00e9 d\u00e9j\u00e0 engag\u00e9e, ces leviers suffisent souvent \u00e0 cr\u00e9er un vrai pic d&rsquo;activit\u00e9 sans budget publicitaire massif.\u00a0<\/p>\n\n\n\n<p>Mais voil\u00e0 le point de friction : les grandes enseignes occupent massivement l&rsquo;espace promotionnel pendant cette p\u00e9riode. Elles ont les budgets pour inonder les flux, les newsletters et les r\u00e9seaux. Face \u00e0 \u00e7a, une boutique ind\u00e9pendante ne peut pas jouer le m\u00eame jeu&#8230; \u00c0 noter aussi : pendant les French Days, la <strong>r\u00e9glementation<\/strong> des soldes ne s&rsquo;applique pas, et les commer\u00e7ants n&rsquo;ont pas le droit de vendre \u00e0 perte. La marge doit donc \u00eatre calcul\u00e9e avec soin, des remises cibl\u00e9es, sur des r\u00e9f\u00e9rences pr\u00e9cises, sans fragiliser l&rsquo;\u00e9quilibre financier de la saison.\u00a0<\/p>\n\n\n\n<figure class=\"wp-block-image size-large\"><img loading=\"lazy\" decoding=\"async\" width=\"1024\" height=\"607\" src=\"https:\/\/www.pagesmode.com\/actu\/wp-content\/uploads\/2026\/04\/french-dasy-ok-1024x607.png\" alt=\"\" class=\"wp-image-795\" srcset=\"https:\/\/www.pagesmode.com\/actu\/wp-content\/uploads\/2026\/04\/french-dasy-ok-1024x607.png 1024w, https:\/\/www.pagesmode.com\/actu\/wp-content\/uploads\/2026\/04\/french-dasy-ok-300x178.png 300w, https:\/\/www.pagesmode.com\/actu\/wp-content\/uploads\/2026\/04\/french-dasy-ok-768x455.png 768w, https:\/\/www.pagesmode.com\/actu\/wp-content\/uploads\/2026\/04\/french-dasy-ok-1536x910.png 1536w, https:\/\/www.pagesmode.com\/actu\/wp-content\/uploads\/2026\/04\/french-dasy-ok.png 1772w\" sizes=\"auto, (max-width: 1024px) 100vw, 1024px\" \/><figcaption class=\"wp-element-caption\"><em>Mise en avant des French Days sur le site de la marque <strong><a href=\"https:\/\/www.cocorico.store\/?utm_source=google&amp;utm_medium=cpc&amp;utm_campaign=FR-SN-Search-Brand&amp;utm_term=cocorico&amp;utm_matchtype=e&amp;gad_source=1&amp;gad_campaignid=1599239972&amp;gbraid=0AAAAADP32gXrNJ98B6RXUvdrg5Ma8gzSK&amp;gclid=Cj0KCQjwkrzPBhCqARIsAJN460nS45ouVUshd9Aa4CFOE9bPFoG-g6CcnYT3eRM3nOk9pXG939OJ98caAiL0EALw_wcB\">COCORICO<\/a><\/strong><\/em><\/figcaption><\/figure>\n\n\n\n<h2 class=\"wp-block-heading has-large-font-size\"><strong>Ce que les French Days changent pour une marque<\/strong>&nbsp;<\/h2>\n\n\n\n<p>Si vous portez une marque et pas seulement une boutique, l&rsquo;enjeu est diff\u00e9rent. Il ne s&rsquo;agit pas seulement de vendre plus pendant quelques jours, il s&rsquo;agit de <strong>prot\u00e9ger<\/strong> ce que vous avez mis des ann\u00e9es \u00e0 construire : une image, une valeur per\u00e7ue, un positionnement.\u00a0<\/p>\n\n\n\n<p>Une marque qui choisit avec soin une ou deux cat\u00e9gories \u00e0 mettre en avant, un mod\u00e8le en fin de s\u00e9rie ou une collab capsule, peut utiliser les French Days comme un moment de <strong>visibilit\u00e9<\/strong>, pas seulement de volume.\u00a0<\/p>\n\n\n\n<p>Chaque commer\u00e7ant anime ces journ\u00e9es de fa\u00e7on ind\u00e9pendante, en fonction de ses activit\u00e9s. C&rsquo;est justement l\u00e0 que r\u00e9side votre libert\u00e9. Les French Days ne sont pas un format impos\u00e9. Ils sont un cadre dans lequel vous d\u00e9finissez vos propres r\u00e8gles. Un pic d&rsquo;<strong>attention collective,<\/strong> que vous pouvez capter avec une communication ma\u00eetris\u00e9e et une offre coh\u00e9rente avec votre ADN.\u00a0<\/p>\n\n\n\n<h2 class=\"wp-block-heading has-large-font-size\"><strong>Le bon arbitrage, participer, mais pas n&rsquo;importe comment<\/strong><\/h2>\n\n\n\n<p>Les French Days ne sont pas une obligation. Et c&rsquo;est peut-\u00eatre la chose la plus importante \u00e0 retenir de cet article. Voici les t<strong>rois postures possibles<\/strong>, choisissez celle qui colle \u00e0 votre r\u00e9alit\u00e9.<\/p>\n\n\n\n<p><strong>Participer pleinement<\/strong>. C&rsquo;est coh\u00e9rent si vous avez des marges qui absorbent les remises sans dommage et une \u00e9quipe (m\u00eame petite) capable de g\u00e9rer un pic d&rsquo;activit\u00e9 sur plusieurs jours. En ligne, cela suppose une <strong>maturit\u00e9 e-commerce <\/strong>suffisante : trafic existant, base email active, site techniquement pr\u00eat (vitesse de chargement, compatibilit\u00e9 mobile, s\u00e9curisation du paiement). En boutique physique, cela passe par un autre type de pr\u00e9paration : une <strong>offre claire et cibl\u00e9e<\/strong>, un mini-\u00e9v\u00e9nement pour transformer la promo en moment (ap\u00e9ro shopping, ambiance soign\u00e9e, looks mis en sc\u00e8ne), une activation de votre base clients via SMS ou WhatsApp, et une pr\u00e9sence Instagram qui montre les pi\u00e8ces et dit l&rsquo;offre clairement. Dans les deux cas : pr\u00e9parez en amont, segmentez vos offres, et activez tous vos canaux.<\/p>\n\n\n\n<p><strong>Participer s\u00e9lectivement.<\/strong> C&rsquo;est souvent la meilleure option pour les ind\u00e9pendants. Vous choisissez deux ou trois r\u00e9f\u00e9rences, vous proposez une offre claire, vous la communiquez \u00e0 votre communaut\u00e9 d\u00e9j\u00e0 engag\u00e9e. Pas besoin d&rsquo;\u00eatre partout, l&rsquo;authenticit\u00e9 et la pr\u00e9cision font souvent plus d&rsquo;effet que le volume chez vos clients fid\u00e8les.<\/p>\n\n\n\n<p><strong>Rester \u00e0 l\u2019\u00e9cart. <\/strong>Oui, c&rsquo;est aussi une strat\u00e9gie. Si votre positionnement est premium, si vos marges ne permettent aucune marge de man\u0153uvre, ou si vous pr\u00e9f\u00e9rez garder votre \u00e9nergie pour d&rsquo;autres temps forts (f\u00eate des m\u00e8res, rentr\u00e9e, No\u00ebl), ne pas participer est un choix <strong>assum\u00e9 et respectable<\/strong>. Il peut m\u00eame renforcer votre image de marque aupr\u00e8s d&rsquo;une client\u00e8le qui ne recherche pas le bon plan \u00e0 tout prix.<\/p>\n\n\n\n<h2 class=\"wp-block-heading has-large-font-size\"><strong>Les indicateurs \u00e0 surveiller <\/strong>&nbsp;<\/h2>\n\n\n\n<p>Que vous participiez ou non, les French Days sont un formidable moment d&rsquo;<strong>apprentissage<\/strong>. Si vous \u00eates dans l&rsquo;action, voici ce qu&rsquo;il faut mesurer pour savoir si \u00e7a valait le coup et comment faire mieux la prochaine fois.\u00a0\u00a0<\/p>\n\n\n\n<p>Le <strong>taux de conversion<\/strong> d&rsquo;abord, est-ce que le trafic suppl\u00e9mentaire g\u00e9n\u00e8re r\u00e9ellement des achats, ou est-ce juste des curieux qui repartent les mains vides ? Le panier moyen ensuite, pour v\u00e9rifier que vos clients ne se limitent pas \u00e0 la pi\u00e8ce en promo et repartent sans rien ajouter. La <strong>part du stock \u00e9coul\u00e9<\/strong>, \u00e9videmment, c&rsquo;est souvent l&rsquo;objectif principal, autant le mesurer pr\u00e9cis\u00e9ment. Le nombre de nouveaux clients acquis : ces French Days ont-ils ramen\u00e9 des profils qui ne vous connaissaient pas encore ? Ces indicateurs transforment une participation intuitive en une d\u00e9cision <strong>bien r\u00e9fl\u00e9chie<\/strong> pour la prochaine \u00e9dition. C&rsquo;est \u00e7a, construire une strat\u00e9gie commerciale solide sur le long terme.\u00a0<\/p>\n\n\n\n<p>Les French Days existent, ils p\u00e8sent dans le calendrier e-commerce, et ils repr\u00e9sentent une fen\u00eatre d&rsquo;attention que certaines boutiques ind\u00e9pendantes peuvent saisir intelligemment. Mais ils ne sont pas faits pour tout le monde, et ce n&rsquo;est pas grave. Ce qui compte, c&rsquo;est de prendre la d\u00e9cision avec les <strong>bons crit\u00e8res <\/strong>en main : votre niveau de marge, votre positionnement, votre maturit\u00e9 digitale et l&rsquo;\u00e9nergie que vous \u00eates pr\u00eat \u00e0 y investir.\u00a0<\/p>\n\n\n\n<p>Alors, cette \u00e9dition de printemps, vous y participez ?&nbsp;<\/p>\n\n\n\n<p>Nina Silva l <a href=\"https:\/\/www.pagesmode.com\">PagesMode<\/a><\/p>\n","protected":false},"excerpt":{"rendered":"<p>Faut-il vraiment y participer quand on est une marque ou une boutique de mode ind\u00e9pendante ?&nbsp; Deux fois par an, les boutiques et marques fran\u00e7aises passent en mode sprint. Les French Days de printemps ont lieu entre fin avril et d\u00e9but mai, puis reviennent en septembre pour l\u2019\u00e9dition d\u2019automne, un rendez-vous tr\u00e8s attendu par les [&hellip;]<\/p>\n","protected":false},"author":2,"featured_media":794,"comment_status":"open","ping_status":"open","sticky":false,"template":"","format":"standard","meta":{"_jetpack_memberships_contains_paid_content":false,"footnotes":""},"categories":[1],"tags":[],"class_list":["post-791","post","type-post","status-publish","format-standard","has-post-thumbnail","hentry","category-uncategorized"],"yoast_head":"<!-- This site is optimized with the Yoast SEO plugin v24.0 - https:\/\/yoast.com\/wordpress\/plugins\/seo\/ -->\n<title>Les French Days profitent-ils aux boutiques mode ?<\/title>\n<meta name=\"description\" content=\"Les French Days sont-ils une vraie opportunit\u00e9 pour les boutiques et marques de mode ind\u00e9pendantes ? Avantages, risques et conseils concrets.\" \/>\n<meta name=\"robots\" content=\"index, follow, max-snippet:-1, max-image-preview:large, max-video-preview:-1\" \/>\n<link rel=\"canonical\" href=\"https:\/\/www.pagesmode.com\/actu\/french-days-une-opportunite-pour-les-commerces-de-mode-independants\/\" \/>\n<meta property=\"og:locale\" content=\"fr_FR\" \/>\n<meta property=\"og:type\" content=\"article\" \/>\n<meta property=\"og:title\" content=\"Les French Days profitent-ils aux boutiques mode ?\" \/>\n<meta property=\"og:description\" content=\"Les French Days sont-ils une vraie opportunit\u00e9 pour les boutiques et marques de mode ind\u00e9pendantes ? Avantages, risques et conseils concrets.\" \/>\n<meta property=\"og:url\" content=\"https:\/\/www.pagesmode.com\/actu\/french-days-une-opportunite-pour-les-commerces-de-mode-independants\/\" \/>\n<meta property=\"og:site_name\" content=\"Blog PagesMode\" \/>\n<meta property=\"article:published_time\" content=\"2026-04-28T14:24:36+00:00\" \/>\n<meta property=\"article:modified_time\" content=\"2026-04-28T14:24:37+00:00\" \/>\n<meta property=\"og:image\" content=\"https:\/\/www.pagesmode.com\/actu\/wp-content\/uploads\/2026\/04\/couv-french-days-.png\" \/>\n\t<meta property=\"og:image:width\" content=\"1772\" \/>\n\t<meta property=\"og:image:height\" content=\"1050\" \/>\n\t<meta property=\"og:image:type\" content=\"image\/png\" \/>\n<meta name=\"author\" content=\"Th\u00e9r\u00e8se\" \/>\n<meta name=\"twitter:card\" content=\"summary_large_image\" \/>\n<meta name=\"twitter:label1\" content=\"\u00c9crit par\" \/>\n\t<meta name=\"twitter:data1\" content=\"Th\u00e9r\u00e8se\" \/>\n\t<meta name=\"twitter:label2\" content=\"Dur\u00e9e de lecture estim\u00e9e\" \/>\n\t<meta name=\"twitter:data2\" content=\"7 minutes\" \/>\n<script type=\"application\/ld+json\" class=\"yoast-schema-graph\">{\"@context\":\"https:\/\/schema.org\",\"@graph\":[{\"@type\":\"Article\",\"@id\":\"https:\/\/www.pagesmode.com\/actu\/french-days-une-opportunite-pour-les-commerces-de-mode-independants\/#article\",\"isPartOf\":{\"@id\":\"https:\/\/www.pagesmode.com\/actu\/french-days-une-opportunite-pour-les-commerces-de-mode-independants\/\"},\"author\":{\"name\":\"Th\u00e9r\u00e8se\",\"@id\":\"https:\/\/www.pagesmode.com\/actu\/#\/schema\/person\/cc650be0c19b7f8f5c667d0020f00eb0\"},\"headline\":\"French Days : une opportunit\u00e9 pour les commerces de mode ind\u00e9pendants ?\",\"datePublished\":\"2026-04-28T14:24:36+00:00\",\"dateModified\":\"2026-04-28T14:24:37+00:00\",\"mainEntityOfPage\":{\"@id\":\"https:\/\/www.pagesmode.com\/actu\/french-days-une-opportunite-pour-les-commerces-de-mode-independants\/\"},\"wordCount\":1408,\"commentCount\":0,\"publisher\":{\"@id\":\"https:\/\/www.pagesmode.com\/actu\/#organization\"},\"image\":{\"@id\":\"https:\/\/www.pagesmode.com\/actu\/french-days-une-opportunite-pour-les-commerces-de-mode-independants\/#primaryimage\"},\"thumbnailUrl\":\"https:\/\/www.pagesmode.com\/actu\/wp-content\/uploads\/2026\/04\/couv-french-days-.png\",\"articleSection\":[\"Uncategorized\"],\"inLanguage\":\"fr-FR\",\"potentialAction\":[{\"@type\":\"CommentAction\",\"name\":\"Comment\",\"target\":[\"https:\/\/www.pagesmode.com\/actu\/french-days-une-opportunite-pour-les-commerces-de-mode-independants\/#respond\"]}]},{\"@type\":\"WebPage\",\"@id\":\"https:\/\/www.pagesmode.com\/actu\/french-days-une-opportunite-pour-les-commerces-de-mode-independants\/\",\"url\":\"https:\/\/www.pagesmode.com\/actu\/french-days-une-opportunite-pour-les-commerces-de-mode-independants\/\",\"name\":\"Les French Days profitent-ils aux boutiques mode ?\",\"isPartOf\":{\"@id\":\"https:\/\/www.pagesmode.com\/actu\/#website\"},\"primaryImageOfPage\":{\"@id\":\"https:\/\/www.pagesmode.com\/actu\/french-days-une-opportunite-pour-les-commerces-de-mode-independants\/#primaryimage\"},\"image\":{\"@id\":\"https:\/\/www.pagesmode.com\/actu\/french-days-une-opportunite-pour-les-commerces-de-mode-independants\/#primaryimage\"},\"thumbnailUrl\":\"https:\/\/www.pagesmode.com\/actu\/wp-content\/uploads\/2026\/04\/couv-french-days-.png\",\"datePublished\":\"2026-04-28T14:24:36+00:00\",\"dateModified\":\"2026-04-28T14:24:37+00:00\",\"description\":\"Les French Days sont-ils une vraie opportunit\u00e9 pour les boutiques et marques de mode ind\u00e9pendantes ? Avantages, risques et conseils concrets.\",\"breadcrumb\":{\"@id\":\"https:\/\/www.pagesmode.com\/actu\/french-days-une-opportunite-pour-les-commerces-de-mode-independants\/#breadcrumb\"},\"inLanguage\":\"fr-FR\",\"potentialAction\":[{\"@type\":\"ReadAction\",\"target\":[\"https:\/\/www.pagesmode.com\/actu\/french-days-une-opportunite-pour-les-commerces-de-mode-independants\/\"]}]},{\"@type\":\"ImageObject\",\"inLanguage\":\"fr-FR\",\"@id\":\"https:\/\/www.pagesmode.com\/actu\/french-days-une-opportunite-pour-les-commerces-de-mode-independants\/#primaryimage\",\"url\":\"https:\/\/www.pagesmode.com\/actu\/wp-content\/uploads\/2026\/04\/couv-french-days-.png\",\"contentUrl\":\"https:\/\/www.pagesmode.com\/actu\/wp-content\/uploads\/2026\/04\/couv-french-days-.png\",\"width\":1772,\"height\":1050,\"caption\":\"French days du 29 avril au 5 mai\"},{\"@type\":\"BreadcrumbList\",\"@id\":\"https:\/\/www.pagesmode.com\/actu\/french-days-une-opportunite-pour-les-commerces-de-mode-independants\/#breadcrumb\",\"itemListElement\":[{\"@type\":\"ListItem\",\"position\":1,\"name\":\"Accueil\",\"item\":\"https:\/\/www.pagesmode.com\/actu\/\"},{\"@type\":\"ListItem\",\"position\":2,\"name\":\"French Days : une opportunit\u00e9 pour les commerces de mode ind\u00e9pendants ?\"}]},{\"@type\":\"WebSite\",\"@id\":\"https:\/\/www.pagesmode.com\/actu\/#website\",\"url\":\"https:\/\/www.pagesmode.com\/actu\/\",\"name\":\"PagesMode Actu\",\"description\":\"\",\"publisher\":{\"@id\":\"https:\/\/www.pagesmode.com\/actu\/#organization\"},\"potentialAction\":[{\"@type\":\"SearchAction\",\"target\":{\"@type\":\"EntryPoint\",\"urlTemplate\":\"https:\/\/www.pagesmode.com\/actu\/?s={search_term_string}\"},\"query-input\":{\"@type\":\"PropertyValueSpecification\",\"valueRequired\":true,\"valueName\":\"search_term_string\"}}],\"inLanguage\":\"fr-FR\"},{\"@type\":\"Organization\",\"@id\":\"https:\/\/www.pagesmode.com\/actu\/#organization\",\"name\":\"PagesMode Actu\",\"url\":\"https:\/\/www.pagesmode.com\/actu\/\",\"logo\":{\"@type\":\"ImageObject\",\"inLanguage\":\"fr-FR\",\"@id\":\"https:\/\/www.pagesmode.com\/actu\/#\/schema\/logo\/image\/\",\"url\":\"https:\/\/www.pagesmode.com\/actu\/wp-content\/uploads\/2026\/04\/logo-pm-ivoire.png\",\"contentUrl\":\"https:\/\/www.pagesmode.com\/actu\/wp-content\/uploads\/2026\/04\/logo-pm-ivoire.png\",\"width\":2400,\"height\":1500,\"caption\":\"PagesMode Actu\"},\"image\":{\"@id\":\"https:\/\/www.pagesmode.com\/actu\/#\/schema\/logo\/image\/\"},\"sameAs\":[\"https:\/\/www.instagram.com\/pagesmodeofficiel\/\"]},{\"@type\":\"Person\",\"@id\":\"https:\/\/www.pagesmode.com\/actu\/#\/schema\/person\/cc650be0c19b7f8f5c667d0020f00eb0\",\"name\":\"Th\u00e9r\u00e8se\",\"image\":{\"@type\":\"ImageObject\",\"inLanguage\":\"fr-FR\",\"@id\":\"https:\/\/www.pagesmode.com\/actu\/#\/schema\/person\/image\/\",\"url\":\"https:\/\/secure.gravatar.com\/avatar\/4ee38301b735d0c9f7a3d408a27a19d6052a491e440bde3b47f9bfd948ad5598?s=96&d=mm&r=g\",\"contentUrl\":\"https:\/\/secure.gravatar.com\/avatar\/4ee38301b735d0c9f7a3d408a27a19d6052a491e440bde3b47f9bfd948ad5598?s=96&d=mm&r=g\",\"caption\":\"Th\u00e9r\u00e8se\"},\"url\":\"https:\/\/www.pagesmode.com\/actu\/author\/therese\/\"}]}<\/script>\n<!-- \/ Yoast SEO plugin. -->","yoast_head_json":{"title":"Les French Days profitent-ils aux boutiques mode ?","description":"Les French Days sont-ils une vraie opportunit\u00e9 pour les boutiques et marques de mode ind\u00e9pendantes ? Avantages, risques et conseils concrets.","robots":{"index":"index","follow":"follow","max-snippet":"max-snippet:-1","max-image-preview":"max-image-preview:large","max-video-preview":"max-video-preview:-1"},"canonical":"https:\/\/www.pagesmode.com\/actu\/french-days-une-opportunite-pour-les-commerces-de-mode-independants\/","og_locale":"fr_FR","og_type":"article","og_title":"Les French Days profitent-ils aux boutiques mode ?","og_description":"Les French Days sont-ils une vraie opportunit\u00e9 pour les boutiques et marques de mode ind\u00e9pendantes ? Avantages, risques et conseils concrets.","og_url":"https:\/\/www.pagesmode.com\/actu\/french-days-une-opportunite-pour-les-commerces-de-mode-independants\/","og_site_name":"Blog PagesMode","article_published_time":"2026-04-28T14:24:36+00:00","article_modified_time":"2026-04-28T14:24:37+00:00","og_image":[{"width":1772,"height":1050,"url":"https:\/\/www.pagesmode.com\/actu\/wp-content\/uploads\/2026\/04\/couv-french-days-.png","type":"image\/png"}],"author":"Th\u00e9r\u00e8se","twitter_card":"summary_large_image","twitter_misc":{"\u00c9crit par":"Th\u00e9r\u00e8se","Dur\u00e9e de lecture estim\u00e9e":"7 minutes"},"schema":{"@context":"https:\/\/schema.org","@graph":[{"@type":"Article","@id":"https:\/\/www.pagesmode.com\/actu\/french-days-une-opportunite-pour-les-commerces-de-mode-independants\/#article","isPartOf":{"@id":"https:\/\/www.pagesmode.com\/actu\/french-days-une-opportunite-pour-les-commerces-de-mode-independants\/"},"author":{"name":"Th\u00e9r\u00e8se","@id":"https:\/\/www.pagesmode.com\/actu\/#\/schema\/person\/cc650be0c19b7f8f5c667d0020f00eb0"},"headline":"French Days : une opportunit\u00e9 pour les commerces de mode ind\u00e9pendants ?","datePublished":"2026-04-28T14:24:36+00:00","dateModified":"2026-04-28T14:24:37+00:00","mainEntityOfPage":{"@id":"https:\/\/www.pagesmode.com\/actu\/french-days-une-opportunite-pour-les-commerces-de-mode-independants\/"},"wordCount":1408,"commentCount":0,"publisher":{"@id":"https:\/\/www.pagesmode.com\/actu\/#organization"},"image":{"@id":"https:\/\/www.pagesmode.com\/actu\/french-days-une-opportunite-pour-les-commerces-de-mode-independants\/#primaryimage"},"thumbnailUrl":"https:\/\/www.pagesmode.com\/actu\/wp-content\/uploads\/2026\/04\/couv-french-days-.png","articleSection":["Uncategorized"],"inLanguage":"fr-FR","potentialAction":[{"@type":"CommentAction","name":"Comment","target":["https:\/\/www.pagesmode.com\/actu\/french-days-une-opportunite-pour-les-commerces-de-mode-independants\/#respond"]}]},{"@type":"WebPage","@id":"https:\/\/www.pagesmode.com\/actu\/french-days-une-opportunite-pour-les-commerces-de-mode-independants\/","url":"https:\/\/www.pagesmode.com\/actu\/french-days-une-opportunite-pour-les-commerces-de-mode-independants\/","name":"Les French Days profitent-ils aux boutiques mode ?","isPartOf":{"@id":"https:\/\/www.pagesmode.com\/actu\/#website"},"primaryImageOfPage":{"@id":"https:\/\/www.pagesmode.com\/actu\/french-days-une-opportunite-pour-les-commerces-de-mode-independants\/#primaryimage"},"image":{"@id":"https:\/\/www.pagesmode.com\/actu\/french-days-une-opportunite-pour-les-commerces-de-mode-independants\/#primaryimage"},"thumbnailUrl":"https:\/\/www.pagesmode.com\/actu\/wp-content\/uploads\/2026\/04\/couv-french-days-.png","datePublished":"2026-04-28T14:24:36+00:00","dateModified":"2026-04-28T14:24:37+00:00","description":"Les French Days sont-ils une vraie opportunit\u00e9 pour les boutiques et marques de mode ind\u00e9pendantes ? Avantages, risques et conseils concrets.","breadcrumb":{"@id":"https:\/\/www.pagesmode.com\/actu\/french-days-une-opportunite-pour-les-commerces-de-mode-independants\/#breadcrumb"},"inLanguage":"fr-FR","potentialAction":[{"@type":"ReadAction","target":["https:\/\/www.pagesmode.com\/actu\/french-days-une-opportunite-pour-les-commerces-de-mode-independants\/"]}]},{"@type":"ImageObject","inLanguage":"fr-FR","@id":"https:\/\/www.pagesmode.com\/actu\/french-days-une-opportunite-pour-les-commerces-de-mode-independants\/#primaryimage","url":"https:\/\/www.pagesmode.com\/actu\/wp-content\/uploads\/2026\/04\/couv-french-days-.png","contentUrl":"https:\/\/www.pagesmode.com\/actu\/wp-content\/uploads\/2026\/04\/couv-french-days-.png","width":1772,"height":1050,"caption":"French days du 29 avril au 5 mai"},{"@type":"BreadcrumbList","@id":"https:\/\/www.pagesmode.com\/actu\/french-days-une-opportunite-pour-les-commerces-de-mode-independants\/#breadcrumb","itemListElement":[{"@type":"ListItem","position":1,"name":"Accueil","item":"https:\/\/www.pagesmode.com\/actu\/"},{"@type":"ListItem","position":2,"name":"French Days : une opportunit\u00e9 pour les commerces de mode ind\u00e9pendants ?"}]},{"@type":"WebSite","@id":"https:\/\/www.pagesmode.com\/actu\/#website","url":"https:\/\/www.pagesmode.com\/actu\/","name":"PagesMode Actu","description":"","publisher":{"@id":"https:\/\/www.pagesmode.com\/actu\/#organization"},"potentialAction":[{"@type":"SearchAction","target":{"@type":"EntryPoint","urlTemplate":"https:\/\/www.pagesmode.com\/actu\/?s={search_term_string}"},"query-input":{"@type":"PropertyValueSpecification","valueRequired":true,"valueName":"search_term_string"}}],"inLanguage":"fr-FR"},{"@type":"Organization","@id":"https:\/\/www.pagesmode.com\/actu\/#organization","name":"PagesMode Actu","url":"https:\/\/www.pagesmode.com\/actu\/","logo":{"@type":"ImageObject","inLanguage":"fr-FR","@id":"https:\/\/www.pagesmode.com\/actu\/#\/schema\/logo\/image\/","url":"https:\/\/www.pagesmode.com\/actu\/wp-content\/uploads\/2026\/04\/logo-pm-ivoire.png","contentUrl":"https:\/\/www.pagesmode.com\/actu\/wp-content\/uploads\/2026\/04\/logo-pm-ivoire.png","width":2400,"height":1500,"caption":"PagesMode Actu"},"image":{"@id":"https:\/\/www.pagesmode.com\/actu\/#\/schema\/logo\/image\/"},"sameAs":["https:\/\/www.instagram.com\/pagesmodeofficiel\/"]},{"@type":"Person","@id":"https:\/\/www.pagesmode.com\/actu\/#\/schema\/person\/cc650be0c19b7f8f5c667d0020f00eb0","name":"Th\u00e9r\u00e8se","image":{"@type":"ImageObject","inLanguage":"fr-FR","@id":"https:\/\/www.pagesmode.com\/actu\/#\/schema\/person\/image\/","url":"https:\/\/secure.gravatar.com\/avatar\/4ee38301b735d0c9f7a3d408a27a19d6052a491e440bde3b47f9bfd948ad5598?s=96&d=mm&r=g","contentUrl":"https:\/\/secure.gravatar.com\/avatar\/4ee38301b735d0c9f7a3d408a27a19d6052a491e440bde3b47f9bfd948ad5598?s=96&d=mm&r=g","caption":"Th\u00e9r\u00e8se"},"url":"https:\/\/www.pagesmode.com\/actu\/author\/therese\/"}]}},"jetpack_sharing_enabled":true,"jetpack_featured_media_url":"https:\/\/www.pagesmode.com\/actu\/wp-content\/uploads\/2026\/04\/couv-french-days-.png","jetpack-related-posts":[],"_links":{"self":[{"href":"https:\/\/www.pagesmode.com\/actu\/wp-json\/wp\/v2\/posts\/791","targetHints":{"allow":["GET"]}}],"collection":[{"href":"https:\/\/www.pagesmode.com\/actu\/wp-json\/wp\/v2\/posts"}],"about":[{"href":"https:\/\/www.pagesmode.com\/actu\/wp-json\/wp\/v2\/types\/post"}],"author":[{"embeddable":true,"href":"https:\/\/www.pagesmode.com\/actu\/wp-json\/wp\/v2\/users\/2"}],"replies":[{"embeddable":true,"href":"https:\/\/www.pagesmode.com\/actu\/wp-json\/wp\/v2\/comments?post=791"}],"version-history":[{"count":4,"href":"https:\/\/www.pagesmode.com\/actu\/wp-json\/wp\/v2\/posts\/791\/revisions"}],"predecessor-version":[{"id":800,"href":"https:\/\/www.pagesmode.com\/actu\/wp-json\/wp\/v2\/posts\/791\/revisions\/800"}],"wp:featuredmedia":[{"embeddable":true,"href":"https:\/\/www.pagesmode.com\/actu\/wp-json\/wp\/v2\/media\/794"}],"wp:attachment":[{"href":"https:\/\/www.pagesmode.com\/actu\/wp-json\/wp\/v2\/media?parent=791"}],"wp:term":[{"taxonomy":"category","embeddable":true,"href":"https:\/\/www.pagesmode.com\/actu\/wp-json\/wp\/v2\/categories?post=791"},{"taxonomy":"post_tag","embeddable":true,"href":"https:\/\/www.pagesmode.com\/actu\/wp-json\/wp\/v2\/tags?post=791"}],"curies":[{"name":"wp","href":"https:\/\/api.w.org\/{rel}","templated":true}]}}